{"id":16717,"date":"2020-12-03T17:58:18","date_gmt":"2020-12-03T20:58:18","guid":{"rendered":"https:\/\/blogs.correiobraziliense.com.br\/vicente\/?p=16717"},"modified":"2020-12-03T19:02:16","modified_gmt":"2020-12-03T22:02:16","slug":"equatorial-cpfl-e-neoenergia-vao-disputar-o-controle-da-ceb-distribuicao","status":"publish","type":"post","link":"https:\/\/blogs.correiobraziliense.com.br\/vicente\/equatorial-cpfl-e-neoenergia-vao-disputar-o-controle-da-ceb-distribuicao\/","title":{"rendered":"Equatorial, CPFL e Neoenergia v\u00e3o disputar o controle da CEB Distribui\u00e7\u00e3o"},"content":{"rendered":"<h2>Tr\u00eas empresas \u2014 Equatorial, CPFL e Neoenergia \u2014 v\u00e3o disputar o controle da CEB Distribui\u00e7\u00e3o, que ser\u00e1 leiloada nesta sexta-feira (04\/12), \u00e0s 8h, na Bolsa de Valores de S\u00e3o Paulo.<\/h2>\n<p>&nbsp;<\/p>\n<p>O valor m\u00ednimo de privatiza\u00e7\u00e3o da CEB Distribui\u00e7\u00e3o foi fixado em R$ 1,42 bilh\u00e3o, mas a expectativa do Governo do Distrito Federal \u00e9 de que, por conta da disputa, o pre\u00e7o final de venda tenha um \u00e1gio. Ningu\u00e9m se arrisca, por\u00e9m, a fixar um percentual para o sobrepre\u00e7o.<\/p>\n<p>&nbsp;<\/p>\n<p>De in\u00edcio, seis empresas se interessaram pela CEB Distribui\u00e7\u00e3o, que atende cerca de 1 milh\u00e3o de consumidores no Distrito Federal. A companhia, dizem especialistas, tem forte potencial de crescimento e de lucratividade.<\/p>\n<p>&nbsp;<\/p>\n<p>Segundo especialistas, como empresa privada, a CEB Distribui\u00e7\u00e3o ter\u00e1 mais liberdade para agir, j\u00e1 que se livrar\u00e1 da interfer\u00eancia pol\u00edtica, e maior efici\u00eancia na gest\u00e3o de seus neg\u00f3cios, pois renegociar\u00e1 contratos e adequar\u00e1 o quadro de pessoal \u00e0s suas necessidades reais.<\/p>\n<p>&nbsp;<\/p>\n<p>Para se ter ideia de suas amarras, a CEB n\u00e3o consegue cumprir os prazos para cortar o fornecimento de luz, o que aumenta demais a sua inadimpl\u00eancia. Tamb\u00e9m n\u00e3o combate, como deveria, as gambiarras, ou gatos, que sugam, sem nenhum pagamento, a energia que a empresa distribui.<\/p>\n<p>&nbsp;<\/p>\n<p><strong>Quem s\u00e3o os concorrentes<\/strong><\/p>\n<p>&nbsp;<\/p>\n<p>O grupo Equatorial atual na distribui\u00e7\u00e3o de energia em quatro estados: Alagoas, Maranh\u00e3o, Piau\u00ed e Par\u00e1. No total, responde pelo fornecimento de energia a 10% dos consumidores e det\u00e9m 6,5% do mercado. Tamb\u00e9m opera na gera\u00e7\u00e3o de energia e no sistema de telecomunica\u00e7\u00f5es.<\/p>\n<p>&nbsp;<\/p>\n<p>J\u00e1 a Neoenergia, controlada pela espanhola Iberdrola, tem 13,7 milh\u00f5es de clientes distribu\u00eddos pelos estados da Bahia, de Pernambuco, do Rio Grande do Norte e no interior de S\u00e3o Paulo, por meio da Elektro.<\/p>\n<p>&nbsp;<\/p>\n<p>A CPFL tem a sua origem em S\u00e3o Paulo. Foi privatizada pelo governo de S\u00e3o Paulo nos anos 2000. Hoje, \u00e9 controlada pela chinesa State Grid. Tamb\u00e9m opera na gera\u00e7\u00e3o de energia.<\/p>\n<p>&nbsp;<\/p>\n<p><em>Bras\u00edlia, 17h58min<\/em><\/p>\n","protected":false},"excerpt":{"rendered":"<p>Tr\u00eas empresas \u2014 Equatorial, CPFL e Neoenergia \u2014 v\u00e3o disputar o controle da CEB Distribui\u00e7\u00e3o, que ser\u00e1 leiloada nesta sexta-feira (04\/12), \u00e0s 8h, na Bolsa de Valores de S\u00e3o Paulo. &nbsp; O valor m\u00ednimo de privatiza\u00e7\u00e3o da CEB Distribui\u00e7\u00e3o foi fixado em R$ 1,42 bilh\u00e3o, mas a expectativa do Governo do Distrito Federal \u00e9 de [&hellip;]<\/p>\n","protected":false},"author":22,"featured_media":16061,"comment_status":"open","ping_status":"closed","sticky":false,"template":"","format":"standard","meta":{"footnotes":""},"categories":[600],"tags":[5075,589,5074,4547,2787],"class_list":["post-16717","post","type-post","status-publish","format-standard","has-post-thumbnail","hentry","category-economia","tag-cpfl-e-neoenergia-vao-disputar-o-controle-da-ceb-distribuicao","tag-economia","tag-equatorial","tag-negocios","tag-politica"],"_links":{"self":[{"href":"https:\/\/blogs.correiobraziliense.com.br\/vicente\/wp-json\/wp\/v2\/posts\/16717","targetHints":{"allow":["GET"]}}],"collection":[{"href":"https:\/\/blogs.correiobraziliense.com.br\/vicente\/wp-json\/wp\/v2\/posts"}],"about":[{"href":"https:\/\/blogs.correiobraziliense.com.br\/vicente\/wp-json\/wp\/v2\/types\/post"}],"author":[{"embeddable":true,"href":"https:\/\/blogs.correiobraziliense.com.br\/vicente\/wp-json\/wp\/v2\/users\/22"}],"replies":[{"embeddable":true,"href":"https:\/\/blogs.correiobraziliense.com.br\/vicente\/wp-json\/wp\/v2\/comments?post=16717"}],"version-history":[{"count":5,"href":"https:\/\/blogs.correiobraziliense.com.br\/vicente\/wp-json\/wp\/v2\/posts\/16717\/revisions"}],"predecessor-version":[{"id":16724,"href":"https:\/\/blogs.correiobraziliense.com.br\/vicente\/wp-json\/wp\/v2\/posts\/16717\/revisions\/16724"}],"wp:featuredmedia":[{"embeddable":true,"href":"https:\/\/blogs.correiobraziliense.com.br\/vicente\/wp-json\/wp\/v2\/media\/16061"}],"wp:attachment":[{"href":"https:\/\/blogs.correiobraziliense.com.br\/vicente\/wp-json\/wp\/v2\/media?parent=16717"}],"wp:term":[{"taxonomy":"category","embeddable":true,"href":"https:\/\/blogs.correiobraziliense.com.br\/vicente\/wp-json\/wp\/v2\/categories?post=16717"},{"taxonomy":"post_tag","embeddable":true,"href":"https:\/\/blogs.correiobraziliense.com.br\/vicente\/wp-json\/wp\/v2\/tags?post=16717"}],"curies":[{"name":"wp","href":"https:\/\/api.w.org\/{rel}","templated":true}]}}