{"id":16700,"date":"2020-12-03T10:47:22","date_gmt":"2020-12-03T13:47:22","guid":{"rendered":"https:\/\/blogs.correiobraziliense.com.br\/vicente\/?p=16700"},"modified":"2020-12-03T10:47:22","modified_gmt":"2020-12-03T13:47:22","slug":"pib-do-brasil-fica-na-25a-colocacao-em-ranking-global-segundo-austin","status":"publish","type":"post","link":"https:\/\/blogs.correiobraziliense.com.br\/vicente\/pib-do-brasil-fica-na-25a-colocacao-em-ranking-global-segundo-austin\/","title":{"rendered":"PIB do Brasil fica na 25\u00aa coloca\u00e7\u00e3o em ranking global, segundo Austin"},"content":{"rendered":"<h2><span style=\"font-weight: 400\">ROSANA HESSEL<\/span><\/h2>\n<h2><\/h2>\n<h2><span style=\"font-weight: 400\">O Produto Interno Bruto (PIB) cresceu 7,7% no terceiro trimestre, na compara\u00e7\u00e3o com os tr\u00eas meses imediatamente anteriores e com ajuste sazonal, maior varia\u00e7\u00e3o desde o in\u00edcio da s\u00e9rie em 1996, dado insuficiente para recuperar as perdas provocadas pela pandemia, de acordo com o Instituto Brasileiro de Geografia e Estat\u00edstica (IBGE).\u00a0<\/span><span style=\"font-weight: 400\">Segundo levantamento da Austin Rating, esse resultado coloca o Brasil no 25\u00ba lugar em um ranking de 60 na\u00e7\u00f5es das quais 51 tiveram os dados divulgados, ou seja, com desempenho intermedi\u00e1rio para o PIB brasileiro.<\/span><\/h2>\n<p>&nbsp;<\/p>\n<p><span style=\"font-weight: 400\">O<\/span><span style=\"font-weight: 400\">s dados da Austin mostram que o avan\u00e7o do PIB brasileiro ficou abaixo da m\u00e9dia total de 8,4%, mas acima da m\u00e9dia de 5,2% dos pa\u00edses do Brics, bloco dos pa\u00edses emergentes integrado por Brasil, R\u00fassia, \u00cdndia, China e \u00c1frica do Sul.\u00a0A lista \u00e9 liderada por Tun\u00edsia e Fran\u00e7a, com altas de 19,8% e 18,7%, respectivamente. M\u00e9xico, com crescimento de 12,1% no trimestre, \u00e9 o pa\u00eds latino-americano melhor posicionado, em 11\u00ba lugar. <\/span><\/p>\n<p>&nbsp;<\/p>\n<p>Na avalia\u00e7\u00e3o do economia-chefe da Austin, Alex Agostini, apesar de o avan\u00e7o do PIB do Brasil no 3\u00ba trimestre ter ficado abaixo das estimativas e da mediana do mercado, de 8,8%, o resultado registado pelo IBGE n\u00e3o foi totalmente frustrante.<\/p>\n<p>&nbsp;<\/p>\n<p>&#8220;O\u00a0<span style=\"font-weight: 400\">Brasil vem melhorando a cada trimestre de posi\u00e7\u00e3o nas \u00faltimas medi\u00e7\u00f5es do PIB.\u00a0<\/span><span style=\"font-weight: 400\">Antes, ficava sempre entre as \u00faltimas coloca\u00e7\u00f5es, ao lado de R\u00fassia e Ucr\u00e2nia que estavam com problemas desde 2011, mas agora est\u00e1 se posicionando em um patamar intermedi\u00e1rio&#8221;, avaliou.\u00a0<\/span>&#8220;O dado n\u00e3o frustrou, mas meio um pouco abaixo da nossa expectativa, de 8,4%, mas o pa\u00eds est\u00e1 no caminho para encerrar o ano com queda de 4,2% no PIB, pelas nossas estimativas. Este ano \u00e9 um ano de recupera\u00e7\u00e3o e, portanto, \u00e9 compreens\u00edvel ficar no meio da tabela&#8221;, acrescentou.<\/p>\n<p>&nbsp;<\/p>\n<p><span style=\"font-weight: 400\">No entanto, Agostini reconheceu que o pa\u00eds tem muito mais problemas do que as demais economias.\u00a0<\/span>\u00a0&#8220;Os problemas fiscais, principalmente, se arrastam desde 2014 e isso trava o crescimento. Portanto, se tiv\u00e9ssemos uma situa\u00e7\u00e3o fiscal melhor, muito provavelmente, o pa\u00eds estaria acima dessa posi\u00e7\u00e3o atual&#8221;, destacou. Para ele, a frustra\u00e7\u00e3o dever\u00e1 ocorrer em 2021, se o governo n\u00e3o resolver logo a quest\u00e3o fiscal.<\/p>\n<p>&nbsp;<\/p>\n<p>&#8220;O nosso crescimento estimado, de 3,3%, no ano que vem, poder\u00e1 sim ser frustrado se n\u00e3o houver solu\u00e7\u00e3o para a quest\u00e3o fiscal. Ainda estamos longe\u00a0<span style=\"font-weight: 400\">de ser aquela economia que consegue crescer de forma sustent\u00e1vel&#8221;, frisou.<\/span><\/p>\n<p>&nbsp;<\/p>\n<p><strong>Veja alguns pa\u00edses na listagem elaborada pela Austin:<\/strong><\/p>\n<p>&nbsp;<\/p>\n<p><span style=\"font-weight: 400\">Pa\u00eds\u00a0 \u00a0 \u00a0 \u00a0 \u00a0 \u00a0 \u00a0 \u00a0 \u00a0 \u00a0 Varia\u00e7\u00e3o do PIB no 3\u00ba tri em rela\u00e7\u00e3o ao 2\u00ba tri<\/span><\/p>\n<p><span style=\"font-weight: 400\">1 Tun\u00edsia<\/span> <span style=\"font-weight: 400\">19,8%<\/span><\/p>\n<p><span style=\"font-weight: 400\">2 Fran\u00e7a<\/span> <span style=\"font-weight: 400\">18,7%<\/span><\/p>\n<p><span style=\"font-weight: 400\">3 Mal\u00e1sia<\/span> <span style=\"font-weight: 400\">18,2%<\/span><\/p>\n<p><span style=\"font-weight: 400\">4 Espanha<\/span> <span style=\"font-weight: 400\">16,7%<\/span><\/p>\n<p><span style=\"font-weight: 400\">5 It\u00e1lia<\/span> <span style=\"font-weight: 400\">15,9%<\/span><\/p>\n<p><span style=\"font-weight: 400\">11 M\u00e9xico<\/span> <span style=\"font-weight: 400\">12,1%<\/span><\/p>\n<p><span style=\"font-weight: 400\">21 Alemanha <\/span> <span style=\"font-weight: 400\">8,5%<\/span><\/p>\n<p><span style=\"font-weight: 400\">24 Pol\u00f4nia<\/span> <span style=\"font-weight: 400\">7,9%<\/span><\/p>\n<p><strong>25 Brasil 7,7%<\/strong><\/p>\n<p><span style=\"font-weight: 400\">26 Holanda<\/span> <span style=\"font-weight: 400\">7,7%<\/span><\/p>\n<p><span style=\"font-weight: 400\">27 Estados Unidos<\/span> <span style=\"font-weight: 400\">7,4%<\/span><\/p>\n<p><span style=\"font-weight: 400\">50 Coreia do Sul <\/span> <span style=\"font-weight: 400\">2,1%<\/span><\/p>\n<p><span style=\"font-weight: 400\">51 Ar\u00e1bia Saudita <\/span> <span style=\"font-weight: 400\">1,2%<\/span><\/p>\n<p>M\u00e9dia geral\u00a0 \u00a0 8,4%<\/p>\n<p>M\u00e9dia Brics\u00a0 \u00a0 \u00a05,2%<\/p>\n<p>M\u00e9dia da Zona do Euro\u00a0 \u00a03,0%<\/p>\n","protected":false},"excerpt":{"rendered":"<p>ROSANA HESSEL O Produto Interno Bruto (PIB) cresceu 7,7% no terceiro trimestre, na compara\u00e7\u00e3o com os tr\u00eas meses imediatamente anteriores e com ajuste sazonal, maior varia\u00e7\u00e3o desde o in\u00edcio da s\u00e9rie em 1996, dado insuficiente para recuperar as perdas provocadas pela pandemia, de acordo com o Instituto Brasileiro de Geografia e Estat\u00edstica (IBGE).\u00a0Segundo levantamento da [&hellip;]<\/p>\n","protected":false},"author":22,"featured_media":16307,"comment_status":"open","ping_status":"closed","sticky":false,"template":"","format":"standard","meta":{"footnotes":""},"categories":[600],"tags":[3840,3859,589,391,58,662],"class_list":["post-16700","post","type-post","status-publish","format-standard","has-post-thumbnail","hentry","category-economia","tag-atividade","tag-austin-rating","tag-economia","tag-ibge","tag-pib","tag-ranking"],"_links":{"self":[{"href":"https:\/\/blogs.correiobraziliense.com.br\/vicente\/wp-json\/wp\/v2\/posts\/16700","targetHints":{"allow":["GET"]}}],"collection":[{"href":"https:\/\/blogs.correiobraziliense.com.br\/vicente\/wp-json\/wp\/v2\/posts"}],"about":[{"href":"https:\/\/blogs.correiobraziliense.com.br\/vicente\/wp-json\/wp\/v2\/types\/post"}],"author":[{"embeddable":true,"href":"https:\/\/blogs.correiobraziliense.com.br\/vicente\/wp-json\/wp\/v2\/users\/22"}],"replies":[{"embeddable":true,"href":"https:\/\/blogs.correiobraziliense.com.br\/vicente\/wp-json\/wp\/v2\/comments?post=16700"}],"version-history":[{"count":3,"href":"https:\/\/blogs.correiobraziliense.com.br\/vicente\/wp-json\/wp\/v2\/posts\/16700\/revisions"}],"predecessor-version":[{"id":16703,"href":"https:\/\/blogs.correiobraziliense.com.br\/vicente\/wp-json\/wp\/v2\/posts\/16700\/revisions\/16703"}],"wp:featuredmedia":[{"embeddable":true,"href":"https:\/\/blogs.correiobraziliense.com.br\/vicente\/wp-json\/wp\/v2\/media\/16307"}],"wp:attachment":[{"href":"https:\/\/blogs.correiobraziliense.com.br\/vicente\/wp-json\/wp\/v2\/media?parent=16700"}],"wp:term":[{"taxonomy":"category","embeddable":true,"href":"https:\/\/blogs.correiobraziliense.com.br\/vicente\/wp-json\/wp\/v2\/categories?post=16700"},{"taxonomy":"post_tag","embeddable":true,"href":"https:\/\/blogs.correiobraziliense.com.br\/vicente\/wp-json\/wp\/v2\/tags?post=16700"}],"curies":[{"name":"wp","href":"https:\/\/api.w.org\/{rel}","templated":true}]}}