{"id":1670,"date":"2016-06-26T14:30:00","date_gmt":"2016-06-26T17:30:00","guid":{"rendered":"https:\/\/blogs.correiobraziliense.com.br\/vicente\/?p=1670"},"modified":"2016-06-26T15:19:54","modified_gmt":"2016-06-26T18:19:54","slug":"mais-tres-decisoes-da-justica-mantem-reajuste-de-planos-de-saude-da-geap-em-20","status":"publish","type":"post","link":"https:\/\/blogs.correiobraziliense.com.br\/vicente\/mais-tres-decisoes-da-justica-mantem-reajuste-de-planos-de-saude-da-geap-em-20\/","title":{"rendered":"Mais tr\u00eas decis\u00f5es da Justi\u00e7a mant\u00eam reajuste de planos de sa\u00fade da Geap em 20%"},"content":{"rendered":"<p>O desembargador Souza Prudente, do Tribunal Regional do Distrito Federal, acatou tr\u00eas liminares expedidas pela 6a e pela 14a Vara de Justi\u00e7a, com base em a\u00e7\u00f5es movidas por assosia\u00e7\u00f5es de servidores, e manteve em 20% o reajuste dos planos de sa\u00fade da Geap. A operadora, que administra boa parte dos conv\u00eanios m\u00e9dicos do funcionalismo federal, reivindica aumento de 37,55%.<\/p>\n<p>&nbsp;<\/p>\n<p>Segundo o desembargador, n\u00e3o h\u00e1 nada que justifique uma corre\u00e7\u00e3o maior do que 20% nas mensalidades de Geap num quadro econ\u00f4mico t\u00e3o complicado como o atual, no qual o poder de compra das fam\u00edlias foi destru\u00eddo. Ele ressalta que a pr\u00f3pria Ag\u00eancia Nacional de Sa\u00fade Suplementar (ANS) recomenda que o aumento seja de 20%. A diretoria da Geap garante que, com essa corre\u00e7\u00e3o, a operadora ter\u00e1 preju\u00edzo mensal de R$ 30 milh\u00f5es por m\u00eas, o que, ao longo de um ano, dobrar\u00e1 o atual rombo da empresa, de R$ 400 milh\u00f5es.<\/p>\n<p>&nbsp;<\/p>\n<p>Na avalia\u00e7\u00e3o de Souza Prudente, ao se definir o reajuste de planos de sa\u00fade, \u00e9 preciso levar em considera\u00e7\u00e3o o contexto social, e n\u00e3o apenas o econ\u00f4mico. Ele ressalta que, no caso da Geap, essa vis\u00e3o se faz mais necess\u00e1ria, uma vez que a maior parte dos participantes do conv\u00eanio da operadora tem mais de 60 anos. Ou seja, est\u00e3o em situa\u00e7\u00e3o de maior vulnerabilidade.<\/p>\n<p>&nbsp;<\/p>\n<p>A defini\u00e7\u00e3o do \u00edndice de reajuste da Geap se transformou em uma guerra judicial, com liminares pipocando a todo momento. O aumento de 37,55% nas mensalidades \u00e9 defendido pela diretoria rec\u00e9m-nomeada para a operadora pelo Pal\u00e1cio do Planalto.<\/p>\n<p>&nbsp;<\/p>\n<p><i>Bras\u00edlia, 14h30min<\/i><\/p>\n","protected":false},"excerpt":{"rendered":"<p>O desembargador Souza Prudente, do Tribunal Regional do Distrito Federal, acatou tr\u00eas liminares expedidas pela 6a e pela 14a Vara de Justi\u00e7a, com base em a\u00e7\u00f5es movidas por assosia\u00e7\u00f5es de servidores, e manteve em 20% o reajuste dos planos de sa\u00fade da Geap. A operadora, que administra boa parte dos conv\u00eanios m\u00e9dicos do funcionalismo federal, [&hellip;]<\/p>\n","protected":false},"author":22,"featured_media":0,"comment_status":"open","ping_status":"closed","sticky":false,"template":"","format":"standard","meta":{"footnotes":""},"categories":[1],"tags":[267,328,266,283,262,440,176,264],"class_list":["post-1670","post","type-post","status-publish","format-standard","hentry","category-sem-categoria","tag-267","tag-328","tag-266","tag-desembargador-souza-prudente","tag-geap","tag-liminares","tag-palacio-do-planalto","tag-reajuste"],"_links":{"self":[{"href":"https:\/\/blogs.correiobraziliense.com.br\/vicente\/wp-json\/wp\/v2\/posts\/1670","targetHints":{"allow":["GET"]}}],"collection":[{"href":"https:\/\/blogs.correiobraziliense.com.br\/vicente\/wp-json\/wp\/v2\/posts"}],"about":[{"href":"https:\/\/blogs.correiobraziliense.com.br\/vicente\/wp-json\/wp\/v2\/types\/post"}],"author":[{"embeddable":true,"href":"https:\/\/blogs.correiobraziliense.com.br\/vicente\/wp-json\/wp\/v2\/users\/22"}],"replies":[{"embeddable":true,"href":"https:\/\/blogs.correiobraziliense.com.br\/vicente\/wp-json\/wp\/v2\/comments?post=1670"}],"version-history":[{"count":1,"href":"https:\/\/blogs.correiobraziliense.com.br\/vicente\/wp-json\/wp\/v2\/posts\/1670\/revisions"}],"predecessor-version":[{"id":1671,"href":"https:\/\/blogs.correiobraziliense.com.br\/vicente\/wp-json\/wp\/v2\/posts\/1670\/revisions\/1671"}],"wp:attachment":[{"href":"https:\/\/blogs.correiobraziliense.com.br\/vicente\/wp-json\/wp\/v2\/media?parent=1670"}],"wp:term":[{"taxonomy":"category","embeddable":true,"href":"https:\/\/blogs.correiobraziliense.com.br\/vicente\/wp-json\/wp\/v2\/categories?post=1670"},{"taxonomy":"post_tag","embeddable":true,"href":"https:\/\/blogs.correiobraziliense.com.br\/vicente\/wp-json\/wp\/v2\/tags?post=1670"}],"curies":[{"name":"wp","href":"https:\/\/api.w.org\/{rel}","templated":true}]}}