{"id":16671,"date":"2020-12-02T17:33:51","date_gmt":"2020-12-02T20:33:51","guid":{"rendered":"https:\/\/blogs.correiobraziliense.com.br\/vicente\/?p=16671"},"modified":"2020-12-02T18:44:56","modified_gmt":"2020-12-02T21:44:56","slug":"secretario-de-desestatizacao-erra-conta-ao-estimar-valor-da-eletrobras","status":"publish","type":"post","link":"https:\/\/blogs.correiobraziliense.com.br\/vicente\/secretario-de-desestatizacao-erra-conta-ao-estimar-valor-da-eletrobras\/","title":{"rendered":"Secret\u00e1rio de Desestatiza\u00e7\u00e3o erra conta ao estimar valor da Eletrobras"},"content":{"rendered":"<p>ROSANA HESSEL*<\/p>\n<p>&nbsp;<\/p>\n<h2>Durante a apresenta\u00e7\u00e3o de mais um Programa de Parceiras de Investimentos (PPI) reempacotado e sem novidades, o secret\u00e1rio especial de Desestatiza\u00e7\u00e3o do Minist\u00e9rio da Economia, Diogo Mac Cord, ao comentar sobre a privatiza\u00e7\u00e3o da Eletrobras, n\u00e3o agradou e ainda errou uma simples conta de porcentagem, provocando risos entre economistas.<\/h2>\n<p>&nbsp;<\/p>\n<p>Segundo o secret\u00e1rio, a participa\u00e7\u00e3o do governo federal na Eletrobras gira entre R$ 25 bilh\u00f5es e R$ 30 bilh\u00f5es, dependendo da cota\u00e7\u00e3o da a\u00e7\u00e3o e ele espera uma valoriza\u00e7\u00e3o de, pelo menos, 50% das a\u00e7\u00f5es. Ao mesmo tempo disse que espera que a privatiza\u00e7\u00e3o da estatal dever\u00e1 render R$ 60 bilh\u00f5es para os cofres da Uni\u00e3o.\u00a0 &#8220;\u00c9 um processo que ainda est\u00e1 em modelagem, mas a gente pode dizer alguma coisa da ordem de grandeza de R$ 60 bilh\u00f5es&#8221;, garantiu <a href=\"https:\/\/www.correiobraziliense.com.br\/economia\/2020\/12\/4892678-apos-apagao-governo-diz-que-venda-da-eletrobras-beneficiara-o-norte.html\">Mac Cord durante entrevista a jornalistas<\/a>\u00a0, nesta quarta-feira (2\/12), ap\u00f3s reuni\u00e3o do presidente Jair Bolsonaro e do ministro da Economia, Paulo Guedes, com integrantes do conselho do PPI.<\/p>\n<p>&nbsp;<\/p>\n<p>&#8220;N\u00e3o sei de onde saiu esse n\u00famero, porque uma valoriza\u00e7\u00e3o de 50% sobre R$ 30 bilh\u00f5es daria R$ 45 bilh\u00f5es e n\u00e3o R$ 60 bilh\u00f5es. Essa conta n\u00e3o fecha&#8221;, comentou a economista e advogada Elena Landau, respons\u00e1vel pelo programa de privatiza\u00e7\u00e3o do governo Fernando Henrique Cardoso (FHC).\u00a0 As proje\u00e7\u00f5es de receita para a Uni\u00e3o com a venda da Eletrobras feita pela equipe econ\u00f4mica do governo Michel Temer giraram em torno de R$ 12 bilh\u00f5es, e, as \u00faltimas estimativas da atual governo eram de R$ 16 bilh\u00f5es.<\/p>\n<p>&nbsp;<\/p>\n<p>Procurada, a assessoria do Minist\u00e9rio da Economia informou que a estimativa de\u00a0R$ 60 bilh\u00f5es com a desestatiza\u00e7\u00e3o da Eletrobras &#8220;refere-se ao valor da outorga, paga \u00e0 Uni\u00e3o enquanto poder concedente das usinas, acrescido da aliena\u00e7\u00e3o das a\u00e7\u00f5es em opera\u00e7\u00f5es subsequentes \u00e0 perda do controle da empresa&#8221;.<\/p>\n<p>&nbsp;<\/p>\n<p>Na avalia\u00e7\u00e3o de um analista ouvido pelo <strong>Blog<\/strong>, a\u00a0 explica\u00e7\u00e3o est\u00e1 equivocada. &#8220;A conta continua errada, porque a outorga sai do resultado da capitaliza\u00e7\u00e3o&#8221;, afirmou.<\/p>\n<p>&nbsp;<\/p>\n<p><strong>Projeto desidratado<\/strong><\/p>\n<p>&nbsp;<\/p>\n<p>O ministro Paulo Guedes, quando assumiu o cargo em janeiro de 2019, prometeu arrecadar R$ 1 trilh\u00e3o com privatiza\u00e7\u00f5es. Na mesma \u00e9poca, o ex-secret\u00e1rio de Desestatiza\u00e7\u00e3o, Salim Mattar, falava vender tudo e prometia deixar apenas quatro estatais sob o controle da Uni\u00e3o.\u00a0Neste ano, a previs\u00e3o do governo com receita com outorgas \u00e9 de R$ 4,7 bilh\u00f5es.<\/p>\n<p>&nbsp;<\/p>\n<p>Guedes e sua equipe apresentaram um novo projeto desidratado, juntando programa de concess\u00f5es de rodovias e at\u00e9 portos com privatiza\u00e7\u00f5es para dar robustez, incluindo leil\u00f5es de ilumina\u00e7\u00e3o p\u00fablica e concess\u00f5es de esgotamento sanit\u00e1rio. Tudo isso s\u00f3 para conseguir apresentar um projeto de R$ 367 bilh\u00f5es de investimentos em 115 ativos que devem ser leiloados em 2021.\u00a0 &#8220;A privatiza\u00e7\u00e3o do governo agora vai andar porque ele vai vender at\u00e9 terminais pesqueiros&#8221;, ironizou Elena Landau, lembrando que o processo de venda de uma estatal \u00e9 bem diferente de uma concess\u00e3o de servi\u00e7o de ilumina\u00e7\u00e3o p\u00fablica para ser inclu\u00edda no mesmo pacote de privatiza\u00e7\u00e3o.<\/p>\n<p>&nbsp;<\/p>\n<p>&#8220;O governo achou que seria f\u00e1cil privatizar e implementar a agenda liberal, mas teve um choque de realidade ao assumir o poder e percebeu que n\u00e3o ser\u00e1 f\u00e1cil&#8221;, destacou o economista Gil Castello Branco, secret\u00e1rio-geral da Contas Abertas.<\/p>\n<p>&nbsp;<\/p>\n<p>Ao apresentar o novo calend\u00e1rio de privatiza\u00e7\u00f5es, Mac Cord disse hoje que espera privatizar a Eletrobras apenas no fim de 2021 e ainda jogou para 2022 a venda da Telebras, estatal recriada no governo Dilma Rousseff e que virou um enorme cabide de emprego. &#8220;A Telebras precisava ser liquidada e n\u00e3o privatizada&#8221;, pontuou Elena Landau.<\/p>\n<p>&nbsp;<\/p>\n<p>Os especialistas lembraram que o fracasso do governo Bolsonaro na agenda de privatiza\u00e7\u00f5es \u00e9 evidente no caso da Eletrobras, cujo projeto de desestatiza\u00e7\u00e3o foi enviado ao Congresso em 2018, durante o governo Michel Temer, e n\u00e3o teve avan\u00e7os durante os dois anos de governo Jair Bolsonaro.\u00a0 Mac Cord\u00a0substituiu Mattar, que deixou o governo por n\u00e3o ver avan\u00e7os na agenda de privatiza\u00e7\u00f5es.<\/p>\n<p>&nbsp;<\/p>\n<p>&#8220;O presidente n\u00e3o \u00e9 um liberal e dificilmente essa agenda vai conseguir andar em 2021 e em 2022, que \u00e9 um ano eleitoral&#8221;, resumiu Castello Branco. Para ele, o cronograma apresentado pelo governo n\u00e3o tem muita diferen\u00e7a da agendo do PPI do governo Temer. &#8220;Os projetos pouco avan\u00e7aram e muitos ainda continuam na fase de contrata\u00e7\u00e3o da consultoria para elabora\u00e7\u00e3o do modelo&#8221;, lamentou.<\/p>\n<p>&nbsp;<\/p>\n<p>*Colaborou Marina Barbosa<\/p>\n","protected":false},"excerpt":{"rendered":"<p>ROSANA HESSEL* &nbsp; Durante a apresenta\u00e7\u00e3o de mais um Programa de Parceiras de Investimentos (PPI) reempacotado e sem novidades, o secret\u00e1rio especial de Desestatiza\u00e7\u00e3o do Minist\u00e9rio da Economia, Diogo Mac Cord, ao comentar sobre a privatiza\u00e7\u00e3o da Eletrobras, n\u00e3o agradou e ainda errou uma simples conta de porcentagem, provocando risos entre economistas. &nbsp; Segundo o [&hellip;]<\/p>\n","protected":false},"author":22,"featured_media":13463,"comment_status":"open","ping_status":"closed","sticky":false,"template":"","format":"standard","meta":{"footnotes":""},"categories":[600],"tags":[4088,1534,4089,540],"class_list":["post-16671","post","type-post","status-publish","format-standard","has-post-thumbnail","hentry","category-economia","tag-desestatizacao","tag-eletrobras","tag-ppi","tag-privatizacao"],"_links":{"self":[{"href":"https:\/\/blogs.correiobraziliense.com.br\/vicente\/wp-json\/wp\/v2\/posts\/16671","targetHints":{"allow":["GET"]}}],"collection":[{"href":"https:\/\/blogs.correiobraziliense.com.br\/vicente\/wp-json\/wp\/v2\/posts"}],"about":[{"href":"https:\/\/blogs.correiobraziliense.com.br\/vicente\/wp-json\/wp\/v2\/types\/post"}],"author":[{"embeddable":true,"href":"https:\/\/blogs.correiobraziliense.com.br\/vicente\/wp-json\/wp\/v2\/users\/22"}],"replies":[{"embeddable":true,"href":"https:\/\/blogs.correiobraziliense.com.br\/vicente\/wp-json\/wp\/v2\/comments?post=16671"}],"version-history":[{"count":10,"href":"https:\/\/blogs.correiobraziliense.com.br\/vicente\/wp-json\/wp\/v2\/posts\/16671\/revisions"}],"predecessor-version":[{"id":16685,"href":"https:\/\/blogs.correiobraziliense.com.br\/vicente\/wp-json\/wp\/v2\/posts\/16671\/revisions\/16685"}],"wp:featuredmedia":[{"embeddable":true,"href":"https:\/\/blogs.correiobraziliense.com.br\/vicente\/wp-json\/wp\/v2\/media\/13463"}],"wp:attachment":[{"href":"https:\/\/blogs.correiobraziliense.com.br\/vicente\/wp-json\/wp\/v2\/media?parent=16671"}],"wp:term":[{"taxonomy":"category","embeddable":true,"href":"https:\/\/blogs.correiobraziliense.com.br\/vicente\/wp-json\/wp\/v2\/categories?post=16671"},{"taxonomy":"post_tag","embeddable":true,"href":"https:\/\/blogs.correiobraziliense.com.br\/vicente\/wp-json\/wp\/v2\/tags?post=16671"}],"curies":[{"name":"wp","href":"https:\/\/api.w.org\/{rel}","templated":true}]}}