{"id":16667,"date":"2020-12-02T10:53:40","date_gmt":"2020-12-02T13:53:40","guid":{"rendered":"https:\/\/blogs.correiobraziliense.com.br\/vicente\/?p=16667"},"modified":"2020-12-02T12:10:37","modified_gmt":"2020-12-02T15:10:37","slug":"doria-se-transformou-em-um-traidor-contumaz-diz-ministro-das-comunicacoes","status":"publish","type":"post","link":"https:\/\/blogs.correiobraziliense.com.br\/vicente\/doria-se-transformou-em-um-traidor-contumaz-diz-ministro-das-comunicacoes\/","title":{"rendered":"Doria se transformou em um &#8220;traidor&#8221; contumaz, diz ministro das Comunica\u00e7\u00f5es"},"content":{"rendered":"<h2>Ao fazer uma an\u00e1lise dos poss\u00edveis candidatos de centro-direita que podem fazer frente ao presidente da Rep\u00fablica, Jair Bolsonaro, que tentar\u00e1 a reelei\u00e7\u00e3o na disputa eleitoral de 2022, o ministro das Comunica\u00e7\u00f5es, F\u00e1bio Faria, deixou claro, <a href=\"https:\/\/www.correiobraziliense.com.br\/politica\/2020\/12\/4892568-centro-nao-tera-candidatura-forte-para-derrotar-bolsonaro-diz-fabio-faria.html\">em entrevista ao <strong>Correio<\/strong><\/a>, que o governador de S\u00e3o Paulo, Jo\u00e3o Doria, pagar\u00e1 um pre\u00e7o alto junto aos eleitores por ter se transformado em um &#8220;traidor&#8221; contumaz.<\/h2>\n<p>&nbsp;<\/p>\n<p>&#8220;O Doria eu vejo com imenso desgaste em S\u00e3o Paulo. O problema do Doria \u00e9 que as pessoas n\u00e3o aceitam trai\u00e7\u00e3o. O Brasil admite a trai\u00e7\u00e3o, mas n\u00e3o perdoa o traidor. O Doria teve trai\u00e7\u00e3o muito forte contra o Alckmin. O paulista n\u00e3o aceitou. Depois, disse que n\u00e3o ia renunciar, e renunciou. Quase n\u00e3o se elegeu, porque o paulista se sentiu tra\u00eddo&#8221;, frisa o ministro.<\/p>\n<p>&nbsp;<\/p>\n<p>Ele acrescenta: &#8220;Depois, ele usou o Bolsonaro. Elegeu-se com o BolsoDoria e, seis meses depois, traiu. O maior problema \u00e9 que s\u00e3o tr\u00eas fatos p\u00fablicos que ele n\u00e3o tem como ir contra. Veja como ele age na pandemia, vai ao sabor do vento. Primeiro, disse que n\u00e3o ia fechar nada na semana passada. Depois das elei\u00e7\u00f5es, decretou de novo o retrocesso para o per\u00edodo amarelo&#8221;.<\/p>\n<p>&nbsp;<\/p>\n<p><em>Bras\u00edlia, 10h53min<\/em><\/p>\n","protected":false},"excerpt":{"rendered":"<p>Ao fazer uma an\u00e1lise dos poss\u00edveis candidatos de centro-direita que podem fazer frente ao presidente da Rep\u00fablica, Jair Bolsonaro, que tentar\u00e1 a reelei\u00e7\u00e3o na disputa eleitoral de 2022, o ministro das Comunica\u00e7\u00f5es, F\u00e1bio Faria, deixou claro, em entrevista ao Correio, que o governador de S\u00e3o Paulo, Jo\u00e3o Doria, pagar\u00e1 um pre\u00e7o alto junto aos eleitores [&hellip;]<\/p>\n","protected":false},"author":22,"featured_media":16668,"comment_status":"open","ping_status":"closed","sticky":false,"template":"","format":"standard","meta":{"footnotes":""},"categories":[600],"tags":[926,5069,5068,589,467,2787],"class_list":["post-16667","post","type-post","status-publish","format-standard","has-post-thumbnail","hentry","category-economia","tag-brasilia","tag-diz-ministro-das-comunicacoes","tag-doria-se-transformou-em-um-traidor-contumaz","tag-economia","tag-governo","tag-politica"],"_links":{"self":[{"href":"https:\/\/blogs.correiobraziliense.com.br\/vicente\/wp-json\/wp\/v2\/posts\/16667","targetHints":{"allow":["GET"]}}],"collection":[{"href":"https:\/\/blogs.correiobraziliense.com.br\/vicente\/wp-json\/wp\/v2\/posts"}],"about":[{"href":"https:\/\/blogs.correiobraziliense.com.br\/vicente\/wp-json\/wp\/v2\/types\/post"}],"author":[{"embeddable":true,"href":"https:\/\/blogs.correiobraziliense.com.br\/vicente\/wp-json\/wp\/v2\/users\/22"}],"replies":[{"embeddable":true,"href":"https:\/\/blogs.correiobraziliense.com.br\/vicente\/wp-json\/wp\/v2\/comments?post=16667"}],"version-history":[{"count":1,"href":"https:\/\/blogs.correiobraziliense.com.br\/vicente\/wp-json\/wp\/v2\/posts\/16667\/revisions"}],"predecessor-version":[{"id":16669,"href":"https:\/\/blogs.correiobraziliense.com.br\/vicente\/wp-json\/wp\/v2\/posts\/16667\/revisions\/16669"}],"wp:featuredmedia":[{"embeddable":true,"href":"https:\/\/blogs.correiobraziliense.com.br\/vicente\/wp-json\/wp\/v2\/media\/16668"}],"wp:attachment":[{"href":"https:\/\/blogs.correiobraziliense.com.br\/vicente\/wp-json\/wp\/v2\/media?parent=16667"}],"wp:term":[{"taxonomy":"category","embeddable":true,"href":"https:\/\/blogs.correiobraziliense.com.br\/vicente\/wp-json\/wp\/v2\/categories?post=16667"},{"taxonomy":"post_tag","embeddable":true,"href":"https:\/\/blogs.correiobraziliense.com.br\/vicente\/wp-json\/wp\/v2\/tags?post=16667"}],"curies":[{"name":"wp","href":"https:\/\/api.w.org\/{rel}","templated":true}]}}