{"id":16665,"date":"2020-12-02T18:39:15","date_gmt":"2020-12-02T21:39:15","guid":{"rendered":"https:\/\/blogs.correiobraziliense.com.br\/vicente\/?p=16665"},"modified":"2020-12-03T18:42:01","modified_gmt":"2020-12-03T21:42:01","slug":"com-pandemia-cerveja-em-lata-deixou-de-ser-vista-como-coisa-de-pobre","status":"publish","type":"post","link":"https:\/\/blogs.correiobraziliense.com.br\/vicente\/com-pandemia-cerveja-em-lata-deixou-de-ser-vista-como-coisa-de-pobre\/","title":{"rendered":"Com pandemia, cerveja em lata deixou de ser vista como &#8220;coisa de pobre&#8221;"},"content":{"rendered":"<h2>As cervejarias e as fabricantes de latas de alum\u00ednio constataram uma grande mudan\u00e7a no perfil dos consumidores durante a pandemia. Entre os consumidores, caiu a percep\u00e7\u00e3o de que o consumo de cerveja em lata era &#8220;coisa de pobre&#8221;, uma vis\u00e3o totalmente preconceituosa.<\/h2>\n<p>&nbsp;<\/p>\n<p>Dados da ind\u00fastria mostram que, antes da pandemia, 55% do consumo de cerveja eram em lata. Agora, s\u00e3o 80%. Al\u00e9m de, felizmente, o preconceito ter diminu\u00eddo muito, os consumidores perceberam que o gosto da cerveja em lata \u00e9 o mesmo da de vidro e viram que o transporte e o acondicionamento das latas s\u00e3o mais f\u00e1ceis.<\/p>\n<p>&nbsp;<\/p>\n<p>Essas facilidades de transporte e armazenamento, por sinal, foram muito refor\u00e7adas durante a pandemia, porque as pessoas passaram a ficar mais em casa. O f\u00e1cil manuseio das latinhas fez a diferen\u00e7a.<\/p>\n<p>&nbsp;<\/p>\n<p>Outros pontos relevantes para a mudan\u00e7a de percep\u00e7\u00e3o em rela\u00e7\u00e3o \u00e0 cerveja em lata: os jovens, por se preocuparem mais com o meio ambiente, d\u00e3o mais valor a embalagens recicl\u00e1veis \u2014 97% das latinhas voltam para as f\u00e1bricas \u2014 e diversificou-se muito o tamanho das embalagens em lata, s\u00e3o 13 os tamanhos.<\/p>\n<p>&nbsp;<\/p>\n<p>O Brasil produz mais de 30 bilh\u00f5es de latas de cerveja e refrigerantes por ano. O consumo no pa\u00eds \u00e9 de 146 latas per capita. H\u00e1 30 anos, havia apenas uma fabricante de embalagens em lata aqui. Hoje, s\u00e3o cinco, com 24 f\u00e1bricas. Os investimentos anuais no setor passam de R$ 1 bilh\u00e3o.<\/p>\n<p>&nbsp;<\/p>\n<p><em>Bras\u00edlia, 18h39min<\/em><\/p>\n","protected":false},"excerpt":{"rendered":"<p>As cervejarias e as fabricantes de latas de alum\u00ednio constataram uma grande mudan\u00e7a no perfil dos consumidores durante a pandemia. Entre os consumidores, caiu a percep\u00e7\u00e3o de que o consumo de cerveja em lata era &#8220;coisa de pobre&#8221;, uma vis\u00e3o totalmente preconceituosa. &nbsp; Dados da ind\u00fastria mostram que, antes da pandemia, 55% do consumo de [&hellip;]<\/p>\n","protected":false},"author":22,"featured_media":16687,"comment_status":"open","ping_status":"closed","sticky":false,"template":"","format":"standard","meta":{"footnotes":""},"categories":[600],"tags":[2151,5072,5071,2341,589],"class_list":["post-16665","post","type-post","status-publish","format-standard","has-post-thumbnail","hentry","category-economia","tag-bebidas","tag-cerveja-em-lata-deixou-de-ser-vista-como-coisa-de-pobre","tag-com-pandemia","tag-consumo","tag-economia"],"_links":{"self":[{"href":"https:\/\/blogs.correiobraziliense.com.br\/vicente\/wp-json\/wp\/v2\/posts\/16665","targetHints":{"allow":["GET"]}}],"collection":[{"href":"https:\/\/blogs.correiobraziliense.com.br\/vicente\/wp-json\/wp\/v2\/posts"}],"about":[{"href":"https:\/\/blogs.correiobraziliense.com.br\/vicente\/wp-json\/wp\/v2\/types\/post"}],"author":[{"embeddable":true,"href":"https:\/\/blogs.correiobraziliense.com.br\/vicente\/wp-json\/wp\/v2\/users\/22"}],"replies":[{"embeddable":true,"href":"https:\/\/blogs.correiobraziliense.com.br\/vicente\/wp-json\/wp\/v2\/comments?post=16665"}],"version-history":[{"count":3,"href":"https:\/\/blogs.correiobraziliense.com.br\/vicente\/wp-json\/wp\/v2\/posts\/16665\/revisions"}],"predecessor-version":[{"id":16720,"href":"https:\/\/blogs.correiobraziliense.com.br\/vicente\/wp-json\/wp\/v2\/posts\/16665\/revisions\/16720"}],"wp:featuredmedia":[{"embeddable":true,"href":"https:\/\/blogs.correiobraziliense.com.br\/vicente\/wp-json\/wp\/v2\/media\/16687"}],"wp:attachment":[{"href":"https:\/\/blogs.correiobraziliense.com.br\/vicente\/wp-json\/wp\/v2\/media?parent=16665"}],"wp:term":[{"taxonomy":"category","embeddable":true,"href":"https:\/\/blogs.correiobraziliense.com.br\/vicente\/wp-json\/wp\/v2\/categories?post=16665"},{"taxonomy":"post_tag","embeddable":true,"href":"https:\/\/blogs.correiobraziliense.com.br\/vicente\/wp-json\/wp\/v2\/tags?post=16665"}],"curies":[{"name":"wp","href":"https:\/\/api.w.org\/{rel}","templated":true}]}}