{"id":16654,"date":"2020-12-01T17:21:20","date_gmt":"2020-12-01T20:21:20","guid":{"rendered":"https:\/\/blogs.correiobraziliense.com.br\/vicente\/?p=16654"},"modified":"2020-12-01T17:53:53","modified_gmt":"2020-12-01T20:53:53","slug":"moro-pode-alavancar-r-100-milhoes-em-negocios-para-empresa-que-o-contratou","status":"publish","type":"post","link":"https:\/\/blogs.correiobraziliense.com.br\/vicente\/moro-pode-alavancar-r-100-milhoes-em-negocios-para-empresa-que-o-contratou\/","title":{"rendered":"Moro pode alavancar R$ 100 milh\u00f5es em neg\u00f3cios para empresa que o contratou"},"content":{"rendered":"<h2>Quem acompanha o mercado de recupera\u00e7\u00e3o judicial faz as contas: o ex-juiz Sergio Moro pode alavancar R$ 100 milh\u00f5es em neg\u00f3cios para a\u00a0consultoria internacional Alvarez &amp; Marsal que o contratou. Esse volume de dinheiro est\u00e1 vinculado a processos em andamento de recupera\u00e7\u00e3o judicial de empresas.<\/h2>\n<p>&nbsp;<\/p>\n<p>Somente nos casos das construtoras OAS e Odebrecht, que quebraram ap\u00f3s terem os esquemas de corrup\u00e7\u00e3o devastados pela Opera\u00e7\u00e3o Lava-Jato,<a href=\"https:\/\/blogs.correiobraziliense.com.br\/vicente\/empresa-que-contratou-moro-recebera-quase-r-35-milhoes-da-odebrecht-e-da-oas\/\"> a Alvarez &amp; Marsal dever\u00e1 receber R$ 34,8 milh\u00f5es por meio de contratos de administra\u00e7\u00e3o judicial<\/a>. Trata-se de um neg\u00f3cio e tanto.<\/p>\n<p>&nbsp;<\/p>\n<p>Pelo contrato com Moro, a consultoria internacional poder\u00e1 usar todo o prest\u00edgio do ex-ministro da Justi\u00e7a do governo Bolsonaro. A perspectiva \u00e9 de que ele abra portas que hoje est\u00e3o travadas e facilite o andamento de processos milion\u00e1rios.<\/p>\n<p>&nbsp;<\/p>\n<p>Assim que o contrato com a Alvarez &amp; Marsal foi revelado, Moro foi a uma rede social para se defender das acusa\u00e7\u00f5es de conflitos de interesses, j\u00e1 que, como juiz, ele conduziu as investiga\u00e7\u00f5es das empreiteiras que agora v\u00e3o remuner\u00e1-lo.<\/p>\n<p>&nbsp;<\/p>\n<p>No Twitter, Moro afirmou que aceitou o cargo para &#8220;ajudar as empresas a fazer a coisa certa, com pol\u00edticas de integridade e anticorrup\u00e7\u00e3o&#8221;. Disse ainda: &#8220;N\u00e3o \u00e9 advocacia, nem atuarei em casos de potencial conflito de interesses&#8221;.<\/p>\n<p>&nbsp;<\/p>\n<p><em>Bras\u00edlia, 17h21min<\/em><\/p>\n","protected":false},"excerpt":{"rendered":"<p>Quem acompanha o mercado de recupera\u00e7\u00e3o judicial faz as contas: o ex-juiz Sergio Moro pode alavancar R$ 100 milh\u00f5es em neg\u00f3cios para a\u00a0consultoria internacional Alvarez &amp; Marsal que o contratou. Esse volume de dinheiro est\u00e1 vinculado a processos em andamento de recupera\u00e7\u00e3o judicial de empresas. &nbsp; Somente nos casos das construtoras OAS e Odebrecht, que [&hellip;]<\/p>\n","protected":false},"author":22,"featured_media":16660,"comment_status":"open","ping_status":"closed","sticky":false,"template":"","format":"standard","meta":{"footnotes":""},"categories":[600],"tags":[589,282,5067,2787],"class_list":["post-16654","post","type-post","status-publish","format-standard","has-post-thumbnail","hentry","category-economia","tag-economia","tag-justica","tag-moro-pode-alavancar-r-100-milhoes-em-negocios-para-empresa-que-o-contratou","tag-politica"],"_links":{"self":[{"href":"https:\/\/blogs.correiobraziliense.com.br\/vicente\/wp-json\/wp\/v2\/posts\/16654","targetHints":{"allow":["GET"]}}],"collection":[{"href":"https:\/\/blogs.correiobraziliense.com.br\/vicente\/wp-json\/wp\/v2\/posts"}],"about":[{"href":"https:\/\/blogs.correiobraziliense.com.br\/vicente\/wp-json\/wp\/v2\/types\/post"}],"author":[{"embeddable":true,"href":"https:\/\/blogs.correiobraziliense.com.br\/vicente\/wp-json\/wp\/v2\/users\/22"}],"replies":[{"embeddable":true,"href":"https:\/\/blogs.correiobraziliense.com.br\/vicente\/wp-json\/wp\/v2\/comments?post=16654"}],"version-history":[{"count":1,"href":"https:\/\/blogs.correiobraziliense.com.br\/vicente\/wp-json\/wp\/v2\/posts\/16654\/revisions"}],"predecessor-version":[{"id":16661,"href":"https:\/\/blogs.correiobraziliense.com.br\/vicente\/wp-json\/wp\/v2\/posts\/16654\/revisions\/16661"}],"wp:featuredmedia":[{"embeddable":true,"href":"https:\/\/blogs.correiobraziliense.com.br\/vicente\/wp-json\/wp\/v2\/media\/16660"}],"wp:attachment":[{"href":"https:\/\/blogs.correiobraziliense.com.br\/vicente\/wp-json\/wp\/v2\/media?parent=16654"}],"wp:term":[{"taxonomy":"category","embeddable":true,"href":"https:\/\/blogs.correiobraziliense.com.br\/vicente\/wp-json\/wp\/v2\/categories?post=16654"},{"taxonomy":"post_tag","embeddable":true,"href":"https:\/\/blogs.correiobraziliense.com.br\/vicente\/wp-json\/wp\/v2\/tags?post=16654"}],"curies":[{"name":"wp","href":"https:\/\/api.w.org\/{rel}","templated":true}]}}