{"id":16649,"date":"2020-12-01T16:07:19","date_gmt":"2020-12-01T19:07:19","guid":{"rendered":"https:\/\/blogs.correiobraziliense.com.br\/vicente\/?p=16649"},"modified":"2020-12-01T18:39:34","modified_gmt":"2020-12-01T21:39:34","slug":"tesouro-consegue-vender-r-303-bilhoes-em-titulos-indexados-a-inflacao","status":"publish","type":"post","link":"https:\/\/blogs.correiobraziliense.com.br\/vicente\/tesouro-consegue-vender-r-303-bilhoes-em-titulos-indexados-a-inflacao\/","title":{"rendered":"Tesouro consegue vender R$ 30,3 bilh\u00f5es em t\u00edtulos indexados \u00e0 infla\u00e7\u00e3o"},"content":{"rendered":"<h2>ROSANA HESSEL<\/h2>\n<p>&nbsp;<\/p>\n<h2>O clima externo mais favor\u00e1vel, com as bolsas internacionais subindo diante da expectativa da aprova\u00e7\u00e3o de um novo pacote fiscal pelo governo dos Estados Unidos, e a expectativa de pre\u00e7os cada vez mais altos ap\u00f3s o reajuste na tarifa de energia contribuiram para que o Tesouro Nacional conseguisse vender integralmente o lote de 8 milh\u00f5es de NTN-B &#8212; t\u00edtulos indexados \u00e0 infla\u00e7\u00e3o oficial medida pelo \u00cdndice de Pre\u00e7os ao Consumidor Amplo (IPCA) &#8212; no leil\u00e3o realizado nesta ter\u00e7a-feira (1\u00ba\/12), arrecadando R$ 30,3 bilh\u00f5es.<\/h2>\n<p>&nbsp;<\/p>\n<p><span style=\"font-weight: 400\">Conforme os dados do Tesouro, os t\u00edtulos NTN-B com vencimento em 15 de maio de 2023 inclu\u00edram uma taxa de juros real &#8212; acima da infla\u00e7\u00e3o &#8212; de 1,017% ao ano, valor abaixo do contratado anteriormente. Em 3 de novembro, o \u00f3rg\u00e3o vendeu 5 milh\u00f5es desse mesmo papel com taxa adicional ao IPCA de 1,26% ao ano.\u00a0<\/span><\/p>\n<p>&nbsp;<\/p>\n<p><span style=\"font-weight: 400\">\u201cO leil\u00e3o foi bem-sucedido. Houve uma boa demanda pela oferta dos t\u00edtulos do Tesouro e, como os juros reais foram menores do que o \u00faltimo leil\u00e3o, o governo ainda conseguiu reduzir o custo de carregamento para o papel\u201d, avaliou o economista-chefe da JF Trust Investimentos, Eduardo Velho, em entrevista ao <strong>Blog<\/strong>.\u00a0<\/span>\u201cA curva de juros mais curta teve um al\u00edvio pontual, com o exterior ganhando impulso com o otimismo para a libera\u00e7\u00e3o do pacote fiscal dos EUA. Mas, no Brasil, a agenda fiscal precisa andar para destravar a curva longa. As previs\u00f5es de infla\u00e7\u00e3o de 2020 passam para mais de 4%\u201d, destacou.<\/p>\n<p>&nbsp;<\/p>\n<p><strong>Ajuda de Bolsonaro<\/strong><\/p>\n<p>&nbsp;<\/p>\n<p><span style=\"font-weight: 400\">Para ele, a fala do presidente Jair Bolsonaro hoje tamb\u00e9m ajudou para que o leil\u00e3o do Tesouro fosse bem sucedido. Em encontro com o presidente do Paraguai, Mario Abdo Ben\u00edtez, em Foz do Igua\u00e7u (PR), durante visita das obras da segunda ponte entre os dois pa\u00edses, o chefe do executivo afirmou que a prorroga\u00e7\u00e3o do aux\u00edlio emergencial, como pedem alguns parlamentares, \u00e9 <a href=\"https:\/\/www.correiobraziliense.com.br\/economia\/2020\/12\/4892393-bolsonaro-sobre-extensao-do-auxilio-emergencial-caminho-certo-para-o-insucesso.html\">\u201co caminho certo para o insucesso\u201d<\/a>.\u00a0\u00a0<\/span><span style=\"font-weight: 400\">\u201cA prorroga\u00e7\u00e3o do aux\u00edlio estava precificada porque o (deputado) Rodrigo Maia (DEM-RJ) disse que n\u00e3o colocaria em pauta enquanto fosse presidente da C\u00e2mara. Mas o fato de o presidente deixar a entender que est\u00e1 contra a extens\u00e3o do aux\u00edlio emergencial \u00e9 bom para conter a alta na curva de juros futuros\u201d, explicou Velho. Segundo ele, o <\/span>leil\u00e3o de R$ 4 bilh\u00f5es de opera\u00e7\u00f5es compromissadas realizado pelo Banco Central n\u00e3o teve novidades.<\/p>\n<p>&nbsp;<\/p>\n<p>Mais tarde, com a sinaliza\u00e7\u00e3o do presidente do Congresso, Davi Alcolumbre (DEM-AP), definir dia 16 como data para a vota\u00e7\u00e3o do Projeto de Lei de Diretrizes Or\u00e7ament\u00e1rias (PLDO) de 2021, ajudou a tamb\u00e9m no mercado de c\u00e2mbio depois das 16h, que operava com desvaloriza\u00e7\u00e3o superior a 2%. &#8220;A queda do d\u00f3lar tamb\u00e9m foi beneficiada com a perspectiva de vota\u00e7\u00e3o no Or\u00e7amento, LDO e discurso de Bolsonaro&#8221;, afirmou. Velho.<\/p>\n<p>&nbsp;<\/p>\n<p>Pelos c\u00e1lculos do economista da JF Trust, as press\u00f5es inflacion\u00e1rias, ap\u00f3s o reajuste na conta de luz anunciado pela Ag\u00eancia Nacional de Energia El\u00e9trica (Aneel), devem aumentar as proje\u00e7\u00f5es em 0,4 ponto percentual, &#8220;levando as estimativas anteriores do IPCA de 2020 subirem para algo entre 4,10% e 4,20%&#8221;. &#8220;Apesar do aumento, a infla\u00e7\u00e3o ainda dever\u00e1 dentro o intervalo de toler\u00e2ncia de 1,5 ponto percentual da meta, de 4%&#8221;, afirmou.<\/p>\n<p>&nbsp;<\/p>\n<p>Vale lembrar que a d\u00edvida p\u00fablica bruta est\u00e1 em uma escalada, alcan\u00e7ando 90,7% do Produto Interno Bruto (PIB), em outubro, e dever\u00e1 continuar subindo pelas proje\u00e7\u00f5es do mercado. N\u00e3o \u00e0 toa,\u00a0 o risco pa\u00eds do Brasil medido pelos contratos de CDS (Credit Default Swap) de cinco anos, est\u00e1 em 165,2 pontos, patamar acima da Gr\u00e9cia ( que tem o mesmo rating BB- que o Brasil) de 113,30 pontos.<\/p>\n<p>&nbsp;<\/p>\n<p>&#8220;A quest\u00e3o fiscal \u00e9 muito importante daqui para frente para determinar o comportamento no mercado dos juros futuros. Qualquer sinaliza\u00e7\u00e3o do governo de que haver\u00e1 piora no controle das contas p\u00fablicas far\u00e1 os juros futuros subirem cada vez mais e, com isso, o Banco Central ser\u00e1 obrigado a voltar a subir a Selic (taxa b\u00e1sica da economia)&#8221;, destacou Velho.<\/p>\n<p>&nbsp;<\/p>\n<p>&nbsp;<\/p>\n<p>&nbsp;<\/p>\n","protected":false},"excerpt":{"rendered":"<p>ROSANA HESSEL &nbsp; O clima externo mais favor\u00e1vel, com as bolsas internacionais subindo diante da expectativa da aprova\u00e7\u00e3o de um novo pacote fiscal pelo governo dos Estados Unidos, e a expectativa de pre\u00e7os cada vez mais altos ap\u00f3s o reajuste na tarifa de energia contribuiram para que o Tesouro Nacional conseguisse vender integralmente o lote [&hellip;]<\/p>\n","protected":false},"author":22,"featured_media":13776,"comment_status":"open","ping_status":"closed","sticky":false,"template":"","format":"standard","meta":{"footnotes":""},"categories":[600],"tags":[303,2770,5066,121,4548],"class_list":["post-16649","post","type-post","status-publish","format-standard","has-post-thumbnail","hentry","category-economia","tag-divida","tag-leiloes","tag-ntn-b","tag-tesouro-nacional","tag-titulos"],"_links":{"self":[{"href":"https:\/\/blogs.correiobraziliense.com.br\/vicente\/wp-json\/wp\/v2\/posts\/16649","targetHints":{"allow":["GET"]}}],"collection":[{"href":"https:\/\/blogs.correiobraziliense.com.br\/vicente\/wp-json\/wp\/v2\/posts"}],"about":[{"href":"https:\/\/blogs.correiobraziliense.com.br\/vicente\/wp-json\/wp\/v2\/types\/post"}],"author":[{"embeddable":true,"href":"https:\/\/blogs.correiobraziliense.com.br\/vicente\/wp-json\/wp\/v2\/users\/22"}],"replies":[{"embeddable":true,"href":"https:\/\/blogs.correiobraziliense.com.br\/vicente\/wp-json\/wp\/v2\/comments?post=16649"}],"version-history":[{"count":12,"href":"https:\/\/blogs.correiobraziliense.com.br\/vicente\/wp-json\/wp\/v2\/posts\/16649\/revisions"}],"predecessor-version":[{"id":16664,"href":"https:\/\/blogs.correiobraziliense.com.br\/vicente\/wp-json\/wp\/v2\/posts\/16649\/revisions\/16664"}],"wp:featuredmedia":[{"embeddable":true,"href":"https:\/\/blogs.correiobraziliense.com.br\/vicente\/wp-json\/wp\/v2\/media\/13776"}],"wp:attachment":[{"href":"https:\/\/blogs.correiobraziliense.com.br\/vicente\/wp-json\/wp\/v2\/media?parent=16649"}],"wp:term":[{"taxonomy":"category","embeddable":true,"href":"https:\/\/blogs.correiobraziliense.com.br\/vicente\/wp-json\/wp\/v2\/categories?post=16649"},{"taxonomy":"post_tag","embeddable":true,"href":"https:\/\/blogs.correiobraziliense.com.br\/vicente\/wp-json\/wp\/v2\/tags?post=16649"}],"curies":[{"name":"wp","href":"https:\/\/api.w.org\/{rel}","templated":true}]}}