{"id":16643,"date":"2020-11-30T19:52:13","date_gmt":"2020-11-30T22:52:13","guid":{"rendered":"https:\/\/blogs.correiobraziliense.com.br\/vicente\/?p=16643"},"modified":"2020-12-01T00:08:25","modified_gmt":"2020-12-01T03:08:25","slug":"empresa-que-contratou-moro-recebera-quase-r-35-milhoes-da-odebrecht-e-da-oas","status":"publish","type":"post","link":"https:\/\/blogs.correiobraziliense.com.br\/vicente\/empresa-que-contratou-moro-recebera-quase-r-35-milhoes-da-odebrecht-e-da-oas\/","title":{"rendered":"Empresa que contratou Moro receber\u00e1 quase R$ 35 milh\u00f5es da Odebrecht e da OAS"},"content":{"rendered":"<h2>O ex-juiz S\u00e9rgio Moro fez um \u00f3timo neg\u00f3cio ao fechar um contrato de trabalho com a\u00a0consultoria internacional Alvarez &amp; Marsal. A empresa dever\u00e1 receber R$ 34,8 milh\u00f5es pela administra\u00e7\u00e3o judicial das duas empreiteiras, que sucumbiram durante a Opera\u00e7\u00e3o Lava-Jato.<\/h2>\n<p>&nbsp;<\/p>\n<p>No caso da OAS, a remunera\u00e7\u00e3o da Alvarez &amp; Marsal j\u00e1 foi definida pela Justi\u00e7a. Segundo decis\u00e3o da 1\u00aa Vara de Fal\u00eancias e Recupera\u00e7\u00f5es Judiciais de S\u00e3o Paulo, o pagamento \u00e0 consultoria ser\u00e1 de R$ 15 milh\u00f5es, divididos em 30 parcelas mensais e sucessivas, sendo as 10 primeiras de R$ 400 mil, as 10 seguintes, de R$ 500 mil e as 10 \u00faltimas, de\u00a0R$ 600 mil.<\/p>\n<p>&nbsp;<\/p>\n<p>Pelo contrato com a Odebrecht, est\u00e3o previstos, provisoriamente, pagamentos totais de R$ 19,8 milh\u00f5es \u00e0\u00a0Alvarez &amp; Marsal. O valor \u00e9 provis\u00f3rio, pois a Justi\u00e7a ainda n\u00e3o bateu o martelo. &#8220;Moro fez um neg\u00f3cio espetacular. Com o dinheiro que ganhar\u00e1, deve abrir m\u00e3o dos interesses pol\u00edticos, por enquanto&#8221;, diz um amigo do ex-ministro.<\/p>\n<p>&nbsp;<\/p>\n<p><em>Bras\u00edlia, 19h52min<\/em><\/p>\n","protected":false},"excerpt":{"rendered":"<p>O ex-juiz S\u00e9rgio Moro fez um \u00f3timo neg\u00f3cio ao fechar um contrato de trabalho com a\u00a0consultoria internacional Alvarez &amp; Marsal. A empresa dever\u00e1 receber R$ 34,8 milh\u00f5es pela administra\u00e7\u00e3o judicial das duas empreiteiras, que sucumbiram durante a Opera\u00e7\u00e3o Lava-Jato. &nbsp; No caso da OAS, a remunera\u00e7\u00e3o da Alvarez &amp; Marsal j\u00e1 foi definida pela Justi\u00e7a. [&hellip;]<\/p>\n","protected":false},"author":22,"featured_media":11699,"comment_status":"open","ping_status":"closed","sticky":false,"template":"","format":"standard","meta":{"footnotes":""},"categories":[600],"tags":[589,5065,282,2787],"class_list":["post-16643","post","type-post","status-publish","format-standard","has-post-thumbnail","hentry","category-economia","tag-economia","tag-empresa-que-contratou-moro-recebera-quase-r-35-milhoes-da-odebrecht-e-da-oas","tag-justica","tag-politica"],"_links":{"self":[{"href":"https:\/\/blogs.correiobraziliense.com.br\/vicente\/wp-json\/wp\/v2\/posts\/16643","targetHints":{"allow":["GET"]}}],"collection":[{"href":"https:\/\/blogs.correiobraziliense.com.br\/vicente\/wp-json\/wp\/v2\/posts"}],"about":[{"href":"https:\/\/blogs.correiobraziliense.com.br\/vicente\/wp-json\/wp\/v2\/types\/post"}],"author":[{"embeddable":true,"href":"https:\/\/blogs.correiobraziliense.com.br\/vicente\/wp-json\/wp\/v2\/users\/22"}],"replies":[{"embeddable":true,"href":"https:\/\/blogs.correiobraziliense.com.br\/vicente\/wp-json\/wp\/v2\/comments?post=16643"}],"version-history":[{"count":1,"href":"https:\/\/blogs.correiobraziliense.com.br\/vicente\/wp-json\/wp\/v2\/posts\/16643\/revisions"}],"predecessor-version":[{"id":16644,"href":"https:\/\/blogs.correiobraziliense.com.br\/vicente\/wp-json\/wp\/v2\/posts\/16643\/revisions\/16644"}],"wp:featuredmedia":[{"embeddable":true,"href":"https:\/\/blogs.correiobraziliense.com.br\/vicente\/wp-json\/wp\/v2\/media\/11699"}],"wp:attachment":[{"href":"https:\/\/blogs.correiobraziliense.com.br\/vicente\/wp-json\/wp\/v2\/media?parent=16643"}],"wp:term":[{"taxonomy":"category","embeddable":true,"href":"https:\/\/blogs.correiobraziliense.com.br\/vicente\/wp-json\/wp\/v2\/categories?post=16643"},{"taxonomy":"post_tag","embeddable":true,"href":"https:\/\/blogs.correiobraziliense.com.br\/vicente\/wp-json\/wp\/v2\/tags?post=16643"}],"curies":[{"name":"wp","href":"https:\/\/api.w.org\/{rel}","templated":true}]}}