{"id":16639,"date":"2020-11-30T10:32:08","date_gmt":"2020-11-30T13:32:08","guid":{"rendered":"https:\/\/blogs.correiobraziliense.com.br\/vicente\/?p=16639"},"modified":"2020-11-30T11:10:42","modified_gmt":"2020-11-30T14:10:42","slug":"divida-publica-bruta-alcanca-907-do-pib-em-outubro-segundo-bc","status":"publish","type":"post","link":"https:\/\/blogs.correiobraziliense.com.br\/vicente\/divida-publica-bruta-alcanca-907-do-pib-em-outubro-segundo-bc\/","title":{"rendered":"D\u00edvida p\u00fablica bruta alcan\u00e7a 90,7% do PIB em outubro, segundo BC"},"content":{"rendered":"<h2><span style=\"font-weight: 400\">ROSANA HESSEL<\/span><\/h2>\n<h2><\/h2>\n<h2><span style=\"font-weight: 400\">A d\u00edvida p\u00fablica bruta do pa\u00eds alcan\u00e7ou a cifra recorde de R$ 6,574 trilh\u00f5es em outubro de 2020, o equivalente a 90,7% do Produto Interno Bruto (PIB), de acordo com informa\u00e7\u00f5es divulgadas nesta segunda-feira (30\/11) pelo Banco Central. <\/span><\/h2>\n<h2><\/h2>\n<p>O dado apresenta alta de 0,2 ponto percentual \u00e0 taxa registrada no m\u00eas anterior devido \u00e0 desvaloriza\u00e7\u00e3o cambial e ao aumento da necessidade de financiamento do governo em meio \u00e0s medidas fiscais no combate \u00e0 pandemia de covid-19.<\/p>\n<p>&nbsp;<\/p>\n<p>No ano, o aumento da d\u00edvida p\u00fablica bruta em rela\u00e7\u00e3o ao PIB do governo geral &#8212; inclui governos federal e regionais e Previd\u00eancia Social &#8212;\u00a0somou 14,9 pontos percentuais (p.p.) sobre a taxa de 75,8% do PIB registrada em dezembro de 2019. Esse dado \u00e9\u00a0resultante de emiss\u00f5es l\u00edquidas de d\u00edvida (de 9,0 p.p.), da incorpora\u00e7\u00e3o de juros nominais (aumento de 3,8 p.p.), e da desvaloriza\u00e7\u00e3o cambial acumulada (aumento de 2,1 p.p.), segundo o BC.<\/p>\n<p>&nbsp;<\/p>\n<p><span style=\"font-weight: 400\"><strong>Rombo cresce 1.818% no ano<\/strong> <\/span><\/p>\n<p>&nbsp;<\/p>\n<p><span style=\"font-weight: 400\">Os dados fazem parte do relat\u00f3rio do BC sobre as contas do setor p\u00fablico consolidado, que inclui governo federal, estatais, estados e munic\u00edpios.\u00a0<\/span><span style=\"font-weight: 400\">No acumulado ano at\u00e9 outubro, o deficit prim\u00e1rio do setor p\u00fablico consolidado atingiu R$ 633 bilh\u00f5es, aumento de 1.818% sobre o saldo negativo de R$ 33 bilh\u00f5es no mesmo per\u00edodo de 2019. No acumulado em doze meses, o d\u00e9ficit prim\u00e1rio atingiu R$ 661,8 bilh\u00f5es (9,13% do PIB).<\/span><\/p>\n<p>&nbsp;<\/p>\n<p><span style=\"font-weight: 400\">Em outubro o setor p\u00fablico registrou superavit prim\u00e1rio de R$ 3 bilh\u00f5es. O governo central teve deficit de R$ 3,2 bilh\u00f5es e, nos governos regionais e nas empresas estatais, os saldos positivos foram de R$ 5,2 bilh\u00f5es e de R$ 998 milh\u00f5es, respectivamente.\u00a0<\/span><\/p>\n<p>&nbsp;<\/p>\n<p><strong>Necessidade de financiamento<\/strong><\/p>\n<p>&nbsp;<\/p>\n<p><span style=\"font-weight: 400\">O resultado nominal do setor p\u00fablico consolidado, que inclui o resultado prim\u00e1rio e os juros nominais apropriados, ficou deficit\u00e1rio em R$ 30,9 bilh\u00f5es no m\u00eas passado, somando R$ 919,4 bilh\u00f5es no acumulado de janeiro at\u00e9 outubro, o equivalente a 15,37% do PIB. <\/span><\/p>\n<p><span style=\"font-weight: 400\">No acumulado em doze meses, a necessidade de financiamento do setor p\u00fablico somou R$ 1,011 trilh\u00e3o (13,95% do PIB).<\/span><\/p>\n<p>&nbsp;<\/p>\n<p><span style=\"font-weight: 400\">A conta de juros nominais do setor p\u00fablico consolidado, apropriados por compet\u00eancia, ficou em R$ 33,9 bilh\u00f5es em outubro, 67% superior aos R$ 20,3 bilh\u00f5es computados no mesmo m\u00eas de 2019. A alta, segundo o BC, foi resultado das opera\u00e7\u00f5es de swap cambial (perda de R$7 bilh\u00f5es em outubro de 2020, ante ganho de R$ 7,7 bilh\u00f5es em outubro de 2019). <\/span><\/p>\n<p>&nbsp;<\/p>\n<p><span style=\"font-weight: 400\">Nos \u00faltimos doze meses, os juros nominais atingiram R$ 349,2 bilh\u00f5es (4,82% do PIB), comparativamente a R$3 66,5 bilh\u00f5es (5,10% do PIB) no acumulado at\u00e9 outubro do ano anterior.<\/span><\/p>\n<p>&nbsp;<\/p>\n<p>Como reflexo do encurtamento do prazo do endividamento p\u00fablico, as opera\u00e7\u00f5es compromissadas, que s\u00e3o opera\u00e7\u00f5es da d\u00edvida de curt\u00edssimo prazo &#8212; a maioria de um dia, conhecido como overnight &#8212; continuam em patamares elevados. Somaram R$ 1,541 trilh\u00e3o, o equivalente a 21,3% do PIB, levemente abaixo do n\u00edvel registrado em setembro, de 22,4%.<\/p>\n<p>&nbsp;<\/p>\n<p>A d\u00edvida l\u00edquida do setor p\u00fablico somou R$ 4,436 bilh\u00f5es em outubro, o equivalente a 61,2% do PIB. Esse dado ficou 0,2 ponto percentual abaixo da taxa de setembro, puxado pela desvaloriza\u00e7\u00e3o cambial, de acordo com o BC. No acumulado do ano, alta de ficou em 5,5 ponto percentual.<\/p>\n<p>&nbsp;<\/p>\n<p>&nbsp;<\/p>\n","protected":false},"excerpt":{"rendered":"<p>ROSANA HESSEL A d\u00edvida p\u00fablica bruta do pa\u00eds alcan\u00e7ou a cifra recorde de R$ 6,574 trilh\u00f5es em outubro de 2020, o equivalente a 90,7% do Produto Interno Bruto (PIB), de acordo com informa\u00e7\u00f5es divulgadas nesta segunda-feira (30\/11) pelo Banco Central. O dado apresenta alta de 0,2 ponto percentual \u00e0 taxa registrada no m\u00eas anterior devido [&hellip;]<\/p>\n","protected":false},"author":22,"featured_media":15102,"comment_status":"open","ping_status":"closed","sticky":false,"template":"","format":"standard","meta":{"footnotes":""},"categories":[600],"tags":[3,542,804,2433,541],"class_list":["post-16639","post","type-post","status-publish","format-standard","has-post-thumbnail","hentry","category-economia","tag-banco-central","tag-contas-publicas","tag-divida-publica","tag-fiscal","tag-rombo"],"_links":{"self":[{"href":"https:\/\/blogs.correiobraziliense.com.br\/vicente\/wp-json\/wp\/v2\/posts\/16639","targetHints":{"allow":["GET"]}}],"collection":[{"href":"https:\/\/blogs.correiobraziliense.com.br\/vicente\/wp-json\/wp\/v2\/posts"}],"about":[{"href":"https:\/\/blogs.correiobraziliense.com.br\/vicente\/wp-json\/wp\/v2\/types\/post"}],"author":[{"embeddable":true,"href":"https:\/\/blogs.correiobraziliense.com.br\/vicente\/wp-json\/wp\/v2\/users\/22"}],"replies":[{"embeddable":true,"href":"https:\/\/blogs.correiobraziliense.com.br\/vicente\/wp-json\/wp\/v2\/comments?post=16639"}],"version-history":[{"count":3,"href":"https:\/\/blogs.correiobraziliense.com.br\/vicente\/wp-json\/wp\/v2\/posts\/16639\/revisions"}],"predecessor-version":[{"id":16642,"href":"https:\/\/blogs.correiobraziliense.com.br\/vicente\/wp-json\/wp\/v2\/posts\/16639\/revisions\/16642"}],"wp:featuredmedia":[{"embeddable":true,"href":"https:\/\/blogs.correiobraziliense.com.br\/vicente\/wp-json\/wp\/v2\/media\/15102"}],"wp:attachment":[{"href":"https:\/\/blogs.correiobraziliense.com.br\/vicente\/wp-json\/wp\/v2\/media?parent=16639"}],"wp:term":[{"taxonomy":"category","embeddable":true,"href":"https:\/\/blogs.correiobraziliense.com.br\/vicente\/wp-json\/wp\/v2\/categories?post=16639"},{"taxonomy":"post_tag","embeddable":true,"href":"https:\/\/blogs.correiobraziliense.com.br\/vicente\/wp-json\/wp\/v2\/tags?post=16639"}],"curies":[{"name":"wp","href":"https:\/\/api.w.org\/{rel}","templated":true}]}}