{"id":16634,"date":"2020-11-26T23:24:25","date_gmt":"2020-11-27T02:24:25","guid":{"rendered":"https:\/\/blogs.correiobraziliense.com.br\/vicente\/?p=16634"},"modified":"2020-11-26T23:46:22","modified_gmt":"2020-11-27T02:46:22","slug":"fgv-desafios-domesticos-persistem-apesar-de-progresso-nas-vacinas","status":"publish","type":"post","link":"https:\/\/blogs.correiobraziliense.com.br\/vicente\/fgv-desafios-domesticos-persistem-apesar-de-progresso-nas-vacinas\/","title":{"rendered":"FGV: Desafios dom\u00e9sticos persistem, apesar de progresso nas vacinas"},"content":{"rendered":"<p>ROSANA HESSEL<\/p>\n<p>&nbsp;<\/p>\n<p>As not\u00edcias das \u00faltimas semanas sobre os avan\u00e7os nos testes de vacina contra a covid-19 tem feito o humor dos mercados oscilarem bastante, mas o recrudescimento da pandemia, em especial na Europa, tem gerado preocupa\u00e7\u00f5es no mercado externo e tamb\u00e9m no Brasil, que tem problemas dom\u00e9sticos que est\u00e3o longe de serem totalmente solucionados, de acordo com o Boletim Macro do Instituto Brasileiro de Economia da Funda\u00e7\u00e3o Getulio Vargas (FGV Ibre), divulgado nesta quinta-feira (26\/11).<\/p>\n<p>&nbsp;<\/p>\n<p>O relat\u00f3rio informou que o cen\u00e1rio previsto para o\u00a0primeiro semestre de 2021 \u00e9 que um amplo programa de vacina\u00e7\u00e3o nos pa\u00edses desenvolvidos dever\u00e1 entrar em curso, mas, no Brasil, ainda h\u00e1 d\u00favidas de quando \u00e9 que isso dever\u00e1 ocorrer. As incertezas no processo de retomada e de um plano mais estruturado para o controle dos gastos p\u00fablicos no ano que vem, s\u00e3o alguns dos entraves apontados, pois a desconfian\u00e7a est\u00e1 voltando a crescer.<\/p>\n<p>&nbsp;<\/p>\n<p>O instituto projeta retra\u00e7\u00e3o de 4,9% no produto Interno Bruto (PIB) do terceiro trimestre de 2020, na compara\u00e7\u00e3o com o mesmo per\u00edodo de 2019, e crescimento de 7,4% na margem (em rela\u00e7\u00e3o aos tr\u00eas meses imediatamente anteriores).\u00a0\u00a0Para o ano, a previs\u00e3o \u00e9 de queda de 5% e a entidade sinaliza perda na confian\u00e7a.<\/p>\n<p>&nbsp;<\/p>\n<p>&#8220;Conforme destacado na pr\u00e9via das sondagens do FGV IBRE, com dados coletados at\u00e9 o dia 13\u00a0de novembro, h\u00e1 um recuo na confian\u00e7a empresarial e dos consumidores. Em rela\u00e7\u00e3o ao\u00a0n\u00famero final de outubro, o \u00cdndice de Confian\u00e7a Empresarial (ICE) recuou 0,9 ponto, para 96,2\u00a0pontos, enquanto o \u00cdndice de Confian\u00e7a do Consumidor (ICC) caiu 2,2 pontos, para 80,4 pontos&#8221;, informou o documento.<\/p>\n<p>&nbsp;<\/p>\n<p>O Boletim ainda lembrou que, apesar de a ind\u00fastria continuar com resultados favor\u00e1veis at\u00e9 o momento, mesmo esse setor\u00a0as expectativas em rela\u00e7\u00e3o aos pr\u00f3ximos meses come\u00e7aram a ser revistas para baixo. &#8220;Tamb\u00e9m no Brasil os ativos financeiros se beneficiaram do otimismo advindo dos resultados\u00a0positivos quanto \u00e0s vacinas. No entanto,\u00a0 em termos de perspectivas para 2021, o que preocupa\u00a0mais \u00e9 a paralisia na agenda de reformas estruturais e as declara\u00e7\u00f5es sobre uma poss\u00edvel\u00a0extens\u00e3o de est\u00edmulos fiscais no ano que vem com a deteriora\u00e7\u00e3o do quadro fiscal afeta negativamente os mercados e limita os ganhos\u00a0resultantes do aumento do apetite dos investidores pelo risco&#8221;, completou.<\/p>\n<p>&nbsp;<\/p>\n<p>O boletim ainda demonstrou que o\u00a0mau humor com o rumo da pol\u00edtica econ\u00f4mica se reflete no \u00cdndice de Condi\u00e7\u00f5es Financeiras\u00a0(ICF) produzido pelo FGV IBRE, que, &#8220;a despeito da melhora observada em novembro, continua\u00a0cerca de 40% acima dos valores verificados entre os meses de abril e agosto.&#8221; &#8220;A partir de setembro, houve um forte aumento da\u00a0incerteza fiscal, com impactos significativos sobre os pre\u00e7os dos ativos financeiros e,\u00a0consequentemente, um aperto nas condi\u00e7\u00f5es financeiras&#8221;, informou a apresenta\u00e7\u00e3o assinada pelos economistas Silvia Matos e Armando Castelar Pinheiro.<\/p>\n<p>&nbsp;<\/p>\n<p>&nbsp;<\/p>\n<p>&nbsp;<\/p>\n","protected":false},"excerpt":{"rendered":"<p>ROSANA HESSEL &nbsp; As not\u00edcias das \u00faltimas semanas sobre os avan\u00e7os nos testes de vacina contra a covid-19 tem feito o humor dos mercados oscilarem bastante, mas o recrudescimento da pandemia, em especial na Europa, tem gerado preocupa\u00e7\u00f5es no mercado externo e tamb\u00e9m no Brasil, que tem problemas dom\u00e9sticos que est\u00e3o longe de serem totalmente [&hellip;]<\/p>\n","protected":false},"author":22,"featured_media":14076,"comment_status":"open","ping_status":"closed","sticky":false,"template":"","format":"standard","meta":{"footnotes":""},"categories":[600],"tags":[179,4983,5064,4510,58],"class_list":["post-16634","post","type-post","status-publish","format-standard","has-post-thumbnail","hentry","category-economia","tag-crise","tag-fgv-ibre","tag-indicadores-economicos","tag-pandemia","tag-pib"],"_links":{"self":[{"href":"https:\/\/blogs.correiobraziliense.com.br\/vicente\/wp-json\/wp\/v2\/posts\/16634","targetHints":{"allow":["GET"]}}],"collection":[{"href":"https:\/\/blogs.correiobraziliense.com.br\/vicente\/wp-json\/wp\/v2\/posts"}],"about":[{"href":"https:\/\/blogs.correiobraziliense.com.br\/vicente\/wp-json\/wp\/v2\/types\/post"}],"author":[{"embeddable":true,"href":"https:\/\/blogs.correiobraziliense.com.br\/vicente\/wp-json\/wp\/v2\/users\/22"}],"replies":[{"embeddable":true,"href":"https:\/\/blogs.correiobraziliense.com.br\/vicente\/wp-json\/wp\/v2\/comments?post=16634"}],"version-history":[{"count":3,"href":"https:\/\/blogs.correiobraziliense.com.br\/vicente\/wp-json\/wp\/v2\/posts\/16634\/revisions"}],"predecessor-version":[{"id":16637,"href":"https:\/\/blogs.correiobraziliense.com.br\/vicente\/wp-json\/wp\/v2\/posts\/16634\/revisions\/16637"}],"wp:featuredmedia":[{"embeddable":true,"href":"https:\/\/blogs.correiobraziliense.com.br\/vicente\/wp-json\/wp\/v2\/media\/14076"}],"wp:attachment":[{"href":"https:\/\/blogs.correiobraziliense.com.br\/vicente\/wp-json\/wp\/v2\/media?parent=16634"}],"wp:term":[{"taxonomy":"category","embeddable":true,"href":"https:\/\/blogs.correiobraziliense.com.br\/vicente\/wp-json\/wp\/v2\/categories?post=16634"},{"taxonomy":"post_tag","embeddable":true,"href":"https:\/\/blogs.correiobraziliense.com.br\/vicente\/wp-json\/wp\/v2\/tags?post=16634"}],"curies":[{"name":"wp","href":"https:\/\/api.w.org\/{rel}","templated":true}]}}