{"id":16586,"date":"2020-11-20T14:16:47","date_gmt":"2020-11-20T17:16:47","guid":{"rendered":"https:\/\/blogs.correiobraziliense.com.br\/vicente\/?p=16586"},"modified":"2020-11-20T19:43:18","modified_gmt":"2020-11-20T22:43:18","slug":"governo-reduz-tamanho-do-rombo-fiscal-de-2020-em-r-164-bilhoes","status":"publish","type":"post","link":"https:\/\/blogs.correiobraziliense.com.br\/vicente\/governo-reduz-tamanho-do-rombo-fiscal-de-2020-em-r-164-bilhoes\/","title":{"rendered":"Governo reduz tamanho do rombo fiscal de 2020 em R$ 16,4 bilh\u00f5es"},"content":{"rendered":"<h2>ROSANA HESSEL<\/h2>\n<h2>O Minist\u00e9rio da Economia revisou a estimativa de rombo nas contas p\u00fablicas em 2020, passando R$ 861 bilh\u00f5es para R$ 844,6 bilh\u00f5es &#8212; redu\u00e7\u00e3o de R$ 16,4 bilh\u00f5es no tamanho do deficit do resultado prim\u00e1rio do governo central (que inclui Tesouro Nacional, Banco Central e Previd\u00eancia Social) neste ano.<\/h2>\n<h2><\/h2>\n<p>A nova proje\u00e7\u00e3o faz parte do 5\u00ba Relat\u00f3rio Bimestral de Avalia\u00e7\u00e3o de Receitas e Despesas, divulgado pela pasta, nesta sexta-feira (20\/11), alterando de 4,7% para 4,5% a estimativa de queda do Produto Interno Bruto (PIB) deste ano.<\/p>\n<p>&nbsp;<\/p>\n<p>O secret\u00e1rio especial de Fazenda da pasta, Waldery Rodrigues, informou que essa diminui\u00e7\u00e3o do rombo foi puxada pela melhora na receita, em R$ 9,8 bilh\u00f5es, e pela redu\u00e7\u00e3o de R$ 11,7 bilh\u00f5es nas despesas obrigat\u00f3rias, incluindo os gastos com aposentadorias e com subs\u00eddios. Ele ainda lembrou que os gastos p\u00fablicos no combate \u00e0 pandemia foi grande e ajudou no processo de recupera\u00e7\u00e3o, mas piorou o resultado das contas p\u00fablicas, como em muitos pa\u00edses.\u00a0\u00a0&#8220;(A nova previs\u00e3o) do resultado prim\u00e1rio negativo ficou menor, mas o deficit ainda \u00e9 elevado, de 11,7% do PIB&#8221;, afirmou.<\/p>\n<p>As estimativas para a infla\u00e7\u00e3o, contudo, foram elevadas nesta semana pela pasta, passando de 1,83% para 3,13% a expectativa para o \u00cdndice de Pre\u00e7os ao Consumidor Amplo (IPCA). A previs\u00e3o para o \u00cdndice Nacional de Pre\u00e7os ao Consumidor (INPC), que reajusta o sal\u00e1rio m\u00ednimo, passou de 2,35% para 4,10%.\u00a0 Essa mudan\u00e7a, com certeza, vai implicar em despesas maiores com aposentadorias no ano que vem, pois o sal\u00e1rio m\u00ednimo ter\u00e1 um aumento de R$ 43 sobre o atual, passando para R$ 1.088 e n\u00e3o ser\u00e1 de R$ 1.079, como o previsto no\u00a0Projeto de Lei Or\u00e7ament\u00e1ria Anual (PLOA).<\/p>\n<p>&nbsp;<\/p>\n<p>Com base em dados do Projeto de Lei de Diretrizes Or\u00e7ament\u00e1rias (PLDO) de 2021, o economista-chefe da RPS Capital, Gabriel Leal de Barros, estima que, como o aumento da previs\u00e3o do INPC foi de 1,75 ponto percentual, passando de 2,35% para 4,1%, o aumento das despesas do governo poder\u00e1 chegar em R$ 13,5 bilh\u00f5es, considerando que cada ponto percentual na infla\u00e7\u00e3o aumenta em R$ 770 milh\u00f5es os gastos do governo.<\/p>\n<p>&nbsp;<\/p>\n<p>&#8220;O update da infla\u00e7\u00e3o esperada para este ano, dadas as regras de indexa\u00e7\u00e3o do or\u00e7amento, reduzir\u00e1 o espa\u00e7o fiscal discricion\u00e1rio para cumprir o teto de gastos em 2021. A aprova\u00e7\u00e3o dos gatilhos do teto, portanto, \u00e9 fundamental&#8221;, alertou.<\/p>\n","protected":false},"excerpt":{"rendered":"<p>ROSANA HESSEL O Minist\u00e9rio da Economia revisou a estimativa de rombo nas contas p\u00fablicas em 2020, passando R$ 861 bilh\u00f5es para R$ 844,6 bilh\u00f5es &#8212; redu\u00e7\u00e3o de R$ 16,4 bilh\u00f5es no tamanho do deficit do resultado prim\u00e1rio do governo central (que inclui Tesouro Nacional, Banco Central e Previd\u00eancia Social) neste ano. A nova proje\u00e7\u00e3o faz [&hellip;]<\/p>\n","protected":false},"author":22,"featured_media":13463,"comment_status":"open","ping_status":"closed","sticky":false,"template":"","format":"standard","meta":{"footnotes":""},"categories":[600],"tags":[3666,5059,560],"class_list":["post-16586","post","type-post","status-publish","format-standard","has-post-thumbnail","hentry","category-economia","tag-ministerio-da-economia","tag-relatorio-de-avaliacao-de-receitas-e-despesas","tag-rombo-fiscal"],"_links":{"self":[{"href":"https:\/\/blogs.correiobraziliense.com.br\/vicente\/wp-json\/wp\/v2\/posts\/16586","targetHints":{"allow":["GET"]}}],"collection":[{"href":"https:\/\/blogs.correiobraziliense.com.br\/vicente\/wp-json\/wp\/v2\/posts"}],"about":[{"href":"https:\/\/blogs.correiobraziliense.com.br\/vicente\/wp-json\/wp\/v2\/types\/post"}],"author":[{"embeddable":true,"href":"https:\/\/blogs.correiobraziliense.com.br\/vicente\/wp-json\/wp\/v2\/users\/22"}],"replies":[{"embeddable":true,"href":"https:\/\/blogs.correiobraziliense.com.br\/vicente\/wp-json\/wp\/v2\/comments?post=16586"}],"version-history":[{"count":13,"href":"https:\/\/blogs.correiobraziliense.com.br\/vicente\/wp-json\/wp\/v2\/posts\/16586\/revisions"}],"predecessor-version":[{"id":16599,"href":"https:\/\/blogs.correiobraziliense.com.br\/vicente\/wp-json\/wp\/v2\/posts\/16586\/revisions\/16599"}],"wp:featuredmedia":[{"embeddable":true,"href":"https:\/\/blogs.correiobraziliense.com.br\/vicente\/wp-json\/wp\/v2\/media\/13463"}],"wp:attachment":[{"href":"https:\/\/blogs.correiobraziliense.com.br\/vicente\/wp-json\/wp\/v2\/media?parent=16586"}],"wp:term":[{"taxonomy":"category","embeddable":true,"href":"https:\/\/blogs.correiobraziliense.com.br\/vicente\/wp-json\/wp\/v2\/categories?post=16586"},{"taxonomy":"post_tag","embeddable":true,"href":"https:\/\/blogs.correiobraziliense.com.br\/vicente\/wp-json\/wp\/v2\/tags?post=16586"}],"curies":[{"name":"wp","href":"https:\/\/api.w.org\/{rel}","templated":true}]}}