{"id":16583,"date":"2020-11-19T21:35:11","date_gmt":"2020-11-20T00:35:11","guid":{"rendered":"https:\/\/blogs.correiobraziliense.com.br\/vicente\/?p=16583"},"modified":"2020-11-19T22:11:13","modified_gmt":"2020-11-20T01:11:13","slug":"enquanto-continuar-ouvindo-ernesto-araujo-e-ricardo-salles-bolsonaro-so-dara-bola-fora","status":"publish","type":"post","link":"https:\/\/blogs.correiobraziliense.com.br\/vicente\/enquanto-continuar-ouvindo-ernesto-araujo-e-ricardo-salles-bolsonaro-so-dara-bola-fora\/","title":{"rendered":"Enquanto continuar ouvindo Ernesto Ara\u00fajo e Ricardo Salles, Bolsonaro s\u00f3 dar\u00e1 bola fora"},"content":{"rendered":"<h2>Militares de dentro e de fora do governo dizem que, enquanto continuar ouvindo os ministros Ernesto Ara\u00fajo (Rela\u00e7\u00f5es Exteriores) e Ricardo Salles (Meio Ambiente), o presidente Jair Bolsonaro s\u00f3 dar\u00e1 bola fora. Ele havia prometido divulgar, nesta quinta-feira (19\/11), uma lista de pa\u00edses que comprariam madeira extra\u00edda ilegalmente do Brasil. N\u00e3o teve coragem.<\/h2>\n<p>&nbsp;<\/p>\n<p>Bolsonaro caiu na real que a maior parte da madeira surrupiada da Amaz\u00f4nia fica no Brasil, que foi o governo dele que facilitou a venda de madeira para o exterior e que n\u00e3o s\u00e3o pa\u00edses, mas empresas que fazem neg\u00f3cios.<\/p>\n<p>&nbsp;<\/p>\n<p>Desde que fez a amea\u00e7a pela primeira vez, em um encontro com presidentes do Brics, grupo que re\u00fane Brasil, China, R\u00fassia, \u00cdndia e \u00c1frica do Sul, Bolsonaro foi avisado pela ala sensata que ainda ocupa assentos no Pal\u00e1cio do Planalto de que ele deveria esquecer o assunto. Mas Ara\u00fajo e Salles continuaram buzinando no ouvido do chefe.<\/p>\n<p>&nbsp;<\/p>\n<p>O resultado disso \u00e9 que, de novo, o presidente da Rep\u00fablica virou motivo de chacota. Logo ele que disse que o Brasil \u00e9 um pa\u00eds de maricas e que todos aqueles que fizeram o isolamento social por causa da pandemia do novo coronav\u00edrus s\u00e3o frouxos.<\/p>\n<p>&nbsp;<\/p>\n<p><strong>Cercado de incompetentes<\/strong><\/p>\n<p>&nbsp;<\/p>\n<p>Por estar cercado de incompetentes, de pessoas com vis\u00e3o curta e extremamente ideol\u00f3gicas, Bolsonaro est\u00e1 metendo os p\u00e9s pelas m\u00e3os. Ele n\u00e3o conseguiu sequer entender o resultado das urnas, que lhe foram extremamente negativas nas elei\u00e7\u00f5es municipais.<\/p>\n<p>&nbsp;<\/p>\n<p>Al\u00e9m dos candidatos que ele apoiava terem tomado uma sova, os eleitores votaram em peso na diversidade, ou seja, em mais mulheres, negros e transexuais, tudo o que o presidente tem ojeriza. Mais: o bolsonarismo que ele acreditava estar forte vem minguando rapidamente.<\/p>\n<p>&nbsp;<\/p>\n<p>Os militares que ainda acreditam no governo dizem que Bolsonaro precisa se livrar de &#8220;algumas pragas&#8221; antes que seja tarde demais. Quem desfruta da intimidade do presidente, por\u00e9m, garante que ele est\u00e1 feliz da vida com os ministros de Rela\u00e7\u00f5es Exteriores e do Meio Ambiente.<\/p>\n<p>&nbsp;<\/p>\n<p>&#8220;Bolsonaro est\u00e1 precisando ouvir bons conselhos, como por exemplo, descer do palanque e visitar o Amap\u00e1, que est\u00e1 h\u00e1 mais de 15 dias mergulhado num apag\u00e3o. Duvido que Ernesto e Ricardo o aconselharam a ver de perto o que est\u00e1 acontecendo aos amapaenses&#8221;, diz um militar. Bolsonaro s\u00f3 ir\u00e1 ao Amap\u00e1 no s\u00e1bado, 21 de novembro. Mas j\u00e1 ser\u00e1 tarde.<\/p>\n<p>&nbsp;<\/p>\n<p><em>Bras\u00edlia, 21h35min<\/em><\/p>\n","protected":false},"excerpt":{"rendered":"<p>Militares de dentro e de fora do governo dizem que, enquanto continuar ouvindo os ministros Ernesto Ara\u00fajo (Rela\u00e7\u00f5es Exteriores) e Ricardo Salles (Meio Ambiente), o presidente Jair Bolsonaro s\u00f3 dar\u00e1 bola fora. Ele havia prometido divulgar, nesta quinta-feira (19\/11), uma lista de pa\u00edses que comprariam madeira extra\u00edda ilegalmente do Brasil. N\u00e3o teve coragem. &nbsp; Bolsonaro [&hellip;]<\/p>\n","protected":false},"author":22,"featured_media":16584,"comment_status":"open","ping_status":"closed","sticky":false,"template":"","format":"standard","meta":{"footnotes":""},"categories":[600],"tags":[5058,589,5057,4954,2787],"class_list":["post-16583","post","type-post","status-publish","format-standard","has-post-thumbnail","hentry","category-economia","tag-bolsonaro-so-dara-bola-fora","tag-economia","tag-enquanto-continuar-ouvindo-ernesto-araujo-e-ricardo-salles","tag-internacional","tag-politica"],"_links":{"self":[{"href":"https:\/\/blogs.correiobraziliense.com.br\/vicente\/wp-json\/wp\/v2\/posts\/16583","targetHints":{"allow":["GET"]}}],"collection":[{"href":"https:\/\/blogs.correiobraziliense.com.br\/vicente\/wp-json\/wp\/v2\/posts"}],"about":[{"href":"https:\/\/blogs.correiobraziliense.com.br\/vicente\/wp-json\/wp\/v2\/types\/post"}],"author":[{"embeddable":true,"href":"https:\/\/blogs.correiobraziliense.com.br\/vicente\/wp-json\/wp\/v2\/users\/22"}],"replies":[{"embeddable":true,"href":"https:\/\/blogs.correiobraziliense.com.br\/vicente\/wp-json\/wp\/v2\/comments?post=16583"}],"version-history":[{"count":1,"href":"https:\/\/blogs.correiobraziliense.com.br\/vicente\/wp-json\/wp\/v2\/posts\/16583\/revisions"}],"predecessor-version":[{"id":16585,"href":"https:\/\/blogs.correiobraziliense.com.br\/vicente\/wp-json\/wp\/v2\/posts\/16583\/revisions\/16585"}],"wp:featuredmedia":[{"embeddable":true,"href":"https:\/\/blogs.correiobraziliense.com.br\/vicente\/wp-json\/wp\/v2\/media\/16584"}],"wp:attachment":[{"href":"https:\/\/blogs.correiobraziliense.com.br\/vicente\/wp-json\/wp\/v2\/media?parent=16583"}],"wp:term":[{"taxonomy":"category","embeddable":true,"href":"https:\/\/blogs.correiobraziliense.com.br\/vicente\/wp-json\/wp\/v2\/categories?post=16583"},{"taxonomy":"post_tag","embeddable":true,"href":"https:\/\/blogs.correiobraziliense.com.br\/vicente\/wp-json\/wp\/v2\/tags?post=16583"}],"curies":[{"name":"wp","href":"https:\/\/api.w.org\/{rel}","templated":true}]}}