{"id":16564,"date":"2020-11-17T21:35:03","date_gmt":"2020-11-18T00:35:03","guid":{"rendered":"https:\/\/blogs.correiobraziliense.com.br\/vicente\/?p=16564"},"modified":"2020-11-17T21:52:55","modified_gmt":"2020-11-18T00:52:55","slug":"empresas-europeias-que-atuam-no-brasil-defendem-acordo-da-ue-com-o-mercosul","status":"publish","type":"post","link":"https:\/\/blogs.correiobraziliense.com.br\/vicente\/empresas-europeias-que-atuam-no-brasil-defendem-acordo-da-ue-com-o-mercosul\/","title":{"rendered":"Empresas europeias que atuam no Brasil defendem acordo da UE com o Mercosul"},"content":{"rendered":"<p>A Euroc\u00e2maras, que representa seis mil empresas europeias, com 3 milh\u00f5es de trabalhadores no Brasil, e coordena 20 C\u00e2maras de Com\u00e9rcio e Ind\u00fastria dos pa\u00edses da Uni\u00e3o Europeia no Brasil, enviou carta aos representantes dos blocos da Uni\u00e3o Europeia e Mercosul em apoio \u00e0 ratifica\u00e7\u00e3o do acordo comercial entre os dois blocos.<\/p>\n<p>&nbsp;<\/p>\n<p>A entidade acredita ser imprescind\u00edvel que o livre com\u00e9rcio entre os blocos saia do papel e vire realidade. \u201c\u00c9 fundamental que sejam dados os passos necess\u00e1rios para que esse acordo seja ratificado e, finalmente, o livre mercado se torne uma realidade. Esse \u00e9 o desejo dos empres\u00e1rios e trabalhadores das empresas europeias no Brasil\u201d, diz trecho da carta.<\/p>\n<p>&nbsp;<\/p>\n<p>No\u00a0documento, assinado pelo presidente da C\u00e2mara Espanhola e atual presidente da Euroc\u00e2maras do Brasil, Marcos Madureira, e pelo presidente da C\u00e2mara Francesa, vice-presidente da associa\u00e7\u00e3o de empresas europeias, St\u00e9phane Engelhard, o grupo atesta que a continuidade do acordo trar\u00e1 um impulso ao desenvolvimento econ\u00f4mico das na\u00e7\u00f5es envolvidas.<\/p>\n<p>&nbsp;<\/p>\n<p>Isso, segundo a\u00a0Euroc\u00e2maras, se dar\u00e1 por meio da gera\u00e7\u00e3o de emprego, do aumento de investimentos e do com\u00e9rcio, al\u00e9m de possibilitar parcerias ben\u00e9ficas para as \u00e1reas de educa\u00e7\u00e3o, pesquisa e tecnologia. \u201cCom os acordos, estamos transformando a competi\u00e7\u00e3o em coopera\u00e7\u00e3o\u201d, destaca o documento.<\/p>\n<p>&nbsp;<\/p>\n<p>Apesar de ressaltar os benef\u00edcios do acordo entre a UE e o Mercosul para popula\u00e7\u00e3o, a Euroc\u00e2maras faz\u00a0ressalvas a temas como a preserva\u00e7\u00e3o do meio ambiente. As empresas reconhecem a pol\u00edtica respons\u00e1vel que o pa\u00eds segue desde a Confer\u00eancia do Rio em 1992 e destacam as iniciativas e a\u00e7\u00f5es sustent\u00e1veis das empresas europeias e o apoio integral ao Acordo de Paris e aos demais acordos internacionais na \u00e1rea.<\/p>\n<p>&nbsp;<\/p>\n<p>Entre os representantes que receberam a carta de apoio est\u00e1 o presidente Jair Bolsonaro; o seu colega do Uruguai, Luis Lacalle Pou, atual presidente do Mercosul; Angela Merkel, chanceler alem\u00e3 no cargo de presidente da Uni\u00e3o Europeia; Ursula Gertrud von der Leyen, presidente da Comiss\u00e3o Europeia; Charles Michel, presidente do Conselho da Uni\u00e3o Europeia; David Sassoli, presidente do Parlamento Europeu; e Ignacio Yb\u00e1\u00f1ez Rubio, Embaixador da UE no Brasil.<\/p>\n<p>&nbsp;<\/p>\n<p><em>Bras\u00edlia, 21h35min<\/em><\/p>\n","protected":false},"excerpt":{"rendered":"<p>A Euroc\u00e2maras, que representa seis mil empresas europeias, com 3 milh\u00f5es de trabalhadores no Brasil, e coordena 20 C\u00e2maras de Com\u00e9rcio e Ind\u00fastria dos pa\u00edses da Uni\u00e3o Europeia no Brasil, enviou carta aos representantes dos blocos da Uni\u00e3o Europeia e Mercosul em apoio \u00e0 ratifica\u00e7\u00e3o do acordo comercial entre os dois blocos. &nbsp; A entidade [&hellip;]<\/p>\n","protected":false},"author":22,"featured_media":16565,"comment_status":"open","ping_status":"closed","sticky":false,"template":"","format":"standard","meta":{"footnotes":""},"categories":[600],"tags":[589,5053,4954,2787],"class_list":["post-16564","post","type-post","status-publish","format-standard","has-post-thumbnail","hentry","category-economia","tag-economia","tag-empresas-europeias-que-atuam-no-brasil-defendem-acordo-da-ue-com-o-mercosul","tag-internacional","tag-politica"],"_links":{"self":[{"href":"https:\/\/blogs.correiobraziliense.com.br\/vicente\/wp-json\/wp\/v2\/posts\/16564","targetHints":{"allow":["GET"]}}],"collection":[{"href":"https:\/\/blogs.correiobraziliense.com.br\/vicente\/wp-json\/wp\/v2\/posts"}],"about":[{"href":"https:\/\/blogs.correiobraziliense.com.br\/vicente\/wp-json\/wp\/v2\/types\/post"}],"author":[{"embeddable":true,"href":"https:\/\/blogs.correiobraziliense.com.br\/vicente\/wp-json\/wp\/v2\/users\/22"}],"replies":[{"embeddable":true,"href":"https:\/\/blogs.correiobraziliense.com.br\/vicente\/wp-json\/wp\/v2\/comments?post=16564"}],"version-history":[{"count":1,"href":"https:\/\/blogs.correiobraziliense.com.br\/vicente\/wp-json\/wp\/v2\/posts\/16564\/revisions"}],"predecessor-version":[{"id":16566,"href":"https:\/\/blogs.correiobraziliense.com.br\/vicente\/wp-json\/wp\/v2\/posts\/16564\/revisions\/16566"}],"wp:featuredmedia":[{"embeddable":true,"href":"https:\/\/blogs.correiobraziliense.com.br\/vicente\/wp-json\/wp\/v2\/media\/16565"}],"wp:attachment":[{"href":"https:\/\/blogs.correiobraziliense.com.br\/vicente\/wp-json\/wp\/v2\/media?parent=16564"}],"wp:term":[{"taxonomy":"category","embeddable":true,"href":"https:\/\/blogs.correiobraziliense.com.br\/vicente\/wp-json\/wp\/v2\/categories?post=16564"},{"taxonomy":"post_tag","embeddable":true,"href":"https:\/\/blogs.correiobraziliense.com.br\/vicente\/wp-json\/wp\/v2\/tags?post=16564"}],"curies":[{"name":"wp","href":"https:\/\/api.w.org\/{rel}","templated":true}]}}