{"id":16562,"date":"2020-11-17T19:36:44","date_gmt":"2020-11-17T22:36:44","guid":{"rendered":"https:\/\/blogs.correiobraziliense.com.br\/vicente\/?p=16562"},"modified":"2020-11-17T20:11:55","modified_gmt":"2020-11-17T23:11:55","slug":"bolsonaro-esta-o-cao-com-a-derrota-nas-urnas-diz-funcionario-do-planalto","status":"publish","type":"post","link":"https:\/\/blogs.correiobraziliense.com.br\/vicente\/bolsonaro-esta-o-cao-com-a-derrota-nas-urnas-diz-funcionario-do-planalto\/","title":{"rendered":"&#8220;Bolsonaro est\u00e1 o c\u00e3o com a derrota nas urnas&#8221;, diz funcion\u00e1rio do Planalto"},"content":{"rendered":"<h2>Gente gra\u00fada que trabalha no Pal\u00e1cio do Planalto diz que h\u00e1 muito tempo n\u00e3o v\u00ea o presidente Jair Bolsonaro t\u00e3o irritado. Ele n\u00e3o se conforma de ter levado uma sova t\u00e3o grande nas elei\u00e7\u00f5es municipais. &#8220;Bolsonaro est\u00e1 o c\u00e3o com a derrota nas urnas&#8221;, diz um funcion\u00e1rio que trabalha pr\u00f3ximo ao gabinete presidencial.<\/h2>\n<p>&nbsp;<\/p>\n<p>O presidente, segundo assessores, acredita que conseguiria eleger a maior parte dos candidatos que apoiou publicamente \u2014 ele chegou a postar uma lista com nomes de sua prefer\u00eancia nas redes sociais, mas apagou o post depois de divulgados os resultados das disputas para prefeitos e vereadores.<\/p>\n<p>&nbsp;<\/p>\n<p>Com o discurso de que precisava derrotar a esquerda, Bolsonaro criou seu &#8220;hor\u00e1rio eleitoral gratuito&#8221; e pediu votos para 59 candidatos, sendo um ao Senado, na elei\u00e7\u00e3o suplementar em Mato Grosso, 13 para prefeitos e 45 para vereador. O resultado final foi\u00a045 derrotados, 12 eleitos e 2 candidatos a prefeito no segundo turno.<\/p>\n<p>&nbsp;<\/p>\n<p>&#8220;O presidente estava certo de que seu poder de transfer\u00eancia de votos era grande. Ele ficou muito confiante depois que as pesquisas mostraram um cont\u00ednuo crescimento de sua popularidade, por causa do aux\u00edlio emergencial&#8221;, ressalta o mesmo funcion\u00e1rio do Planalto. &#8220;As urnas, no entanto, o tra\u00edram&#8221;, acrescenta.<\/p>\n<p>&nbsp;<\/p>\n<p><strong>For\u00e7a pol\u00edtica\u00a0<\/strong><\/p>\n<p>&nbsp;<\/p>\n<p>Os mais pr\u00f3ximos do presidente dizem que n\u00e3o d\u00e1 para desqualificar o poder eleitoral dele, uma vez que, nas elei\u00e7\u00f5es municipais, pesam muito as quest\u00f5es locais. Portanto, para esse grupo, Bolsonaro continua muito competitivo. &#8220;Se as elei\u00e7\u00f5es presidenciais fossem hoje, ele teria boas chances de ser reeleito&#8221;, frisa um assessor pr\u00f3ximo do presidente.<\/p>\n<p>&nbsp;<\/p>\n<p>O certo, por\u00e9m, \u00e9 que Bolsonaro sentiu \u2014 e muito \u2014 o golpe. E est\u00e1 se movimentando para montar estrat\u00e9gias a fim de manter o capital pol\u00edtico que acredita ter. Nos \u00faltimos dois dias, ele conversou muito com l\u00edderes pol\u00edticos para entender o que aconteceu nas urnas e que para onde deve seguir.<\/p>\n<p>&nbsp;<\/p>\n<p>Um dos caminhos a ser seguido pelo presidente \u00e9 o de se filiar a uma legenda para tirar proveito da estrutura partid\u00e1ria. Ele sabe que o Alian\u00e7a do Brasil, que tentou criar, est\u00e1 fadado ao fracasso. Outro ponto em discuss\u00e3o: acelerar o an\u00fancio de um substituto do aux\u00edlio emergencial. A ideia \u00e9 fazer o an\u00fancio antes do Natal.<\/p>\n<p>&nbsp;<\/p>\n<p><em>Bras\u00edlia, 19h36min<\/em><\/p>\n","protected":false},"excerpt":{"rendered":"<p>Gente gra\u00fada que trabalha no Pal\u00e1cio do Planalto diz que h\u00e1 muito tempo n\u00e3o v\u00ea o presidente Jair Bolsonaro t\u00e3o irritado. Ele n\u00e3o se conforma de ter levado uma sova t\u00e3o grande nas elei\u00e7\u00f5es municipais. &#8220;Bolsonaro est\u00e1 o c\u00e3o com a derrota nas urnas&#8221;, diz um funcion\u00e1rio que trabalha pr\u00f3ximo ao gabinete presidencial. &nbsp; O [&hellip;]<\/p>\n","protected":false},"author":22,"featured_media":13776,"comment_status":"open","ping_status":"closed","sticky":false,"template":"","format":"standard","meta":{"footnotes":""},"categories":[600],"tags":[5051,5052,589,2526,2787],"class_list":["post-16562","post","type-post","status-publish","format-standard","has-post-thumbnail","hentry","category-economia","tag-bolsonaro-esta-o-cao-com-a-derrota-nas-urnas","tag-diz-funcionario-do-planalto","tag-economia","tag-poder","tag-politica"],"_links":{"self":[{"href":"https:\/\/blogs.correiobraziliense.com.br\/vicente\/wp-json\/wp\/v2\/posts\/16562","targetHints":{"allow":["GET"]}}],"collection":[{"href":"https:\/\/blogs.correiobraziliense.com.br\/vicente\/wp-json\/wp\/v2\/posts"}],"about":[{"href":"https:\/\/blogs.correiobraziliense.com.br\/vicente\/wp-json\/wp\/v2\/types\/post"}],"author":[{"embeddable":true,"href":"https:\/\/blogs.correiobraziliense.com.br\/vicente\/wp-json\/wp\/v2\/users\/22"}],"replies":[{"embeddable":true,"href":"https:\/\/blogs.correiobraziliense.com.br\/vicente\/wp-json\/wp\/v2\/comments?post=16562"}],"version-history":[{"count":1,"href":"https:\/\/blogs.correiobraziliense.com.br\/vicente\/wp-json\/wp\/v2\/posts\/16562\/revisions"}],"predecessor-version":[{"id":16563,"href":"https:\/\/blogs.correiobraziliense.com.br\/vicente\/wp-json\/wp\/v2\/posts\/16562\/revisions\/16563"}],"wp:featuredmedia":[{"embeddable":true,"href":"https:\/\/blogs.correiobraziliense.com.br\/vicente\/wp-json\/wp\/v2\/media\/13776"}],"wp:attachment":[{"href":"https:\/\/blogs.correiobraziliense.com.br\/vicente\/wp-json\/wp\/v2\/media?parent=16562"}],"wp:term":[{"taxonomy":"category","embeddable":true,"href":"https:\/\/blogs.correiobraziliense.com.br\/vicente\/wp-json\/wp\/v2\/categories?post=16562"},{"taxonomy":"post_tag","embeddable":true,"href":"https:\/\/blogs.correiobraziliense.com.br\/vicente\/wp-json\/wp\/v2\/tags?post=16562"}],"curies":[{"name":"wp","href":"https:\/\/api.w.org\/{rel}","templated":true}]}}