{"id":16558,"date":"2020-11-17T18:01:09","date_gmt":"2020-11-17T21:01:09","guid":{"rendered":"https:\/\/blogs.correiobraziliense.com.br\/vicente\/?p=16558"},"modified":"2020-11-17T19:32:10","modified_gmt":"2020-11-17T22:32:10","slug":"banco-do-brasil-fecha-agencias-no-exterior-funcionarios-se-dizem-traidos","status":"publish","type":"post","link":"https:\/\/blogs.correiobraziliense.com.br\/vicente\/banco-do-brasil-fecha-agencias-no-exterior-funcionarios-se-dizem-traidos\/","title":{"rendered":"Banco do Brasil fecha ag\u00eancias no exterior. Funcion\u00e1rios se dizem tra\u00eddos"},"content":{"rendered":"<h2>Andr\u00e9 Brand\u00e3o assumiu a presid\u00eancia do Banco do Brasil h\u00e1 dois meses com a <a href=\"https:\/\/blogs.correiobraziliense.com.br\/vicente\/andre-brandao-quer-aprofundar-agenda-ambiental-do-bb-e-diz-que-privatizacao-e-com-o-acionista\/\">promessa de refor\u00e7ar a atua\u00e7\u00e3o da institui\u00e7\u00e3o no exterior<\/a>, de forma a prestar um servi\u00e7o de excel\u00eancia aos brasileiros que moram e trabalham fora do pa\u00eds. Mas o que est\u00e1 se vendo \u00e9 exatamente o contr\u00e1rio. N\u00e3o por acaso, os funcion\u00e1rios do BB est\u00e3o se sentindo tra\u00eddos.<\/h2>\n<p>&nbsp;<\/p>\n<p>Nas \u00faltimas semanas, o Banco do Brasil acelerou o processo de fechamento do escrit\u00f3rio de Mil\u00e3o e deve fazer o mesmo com o de Madri e com a ag\u00eancia de Paris, apesar da grande quantidade de brasileiros que vivem na It\u00e1lia, na Espanha e na Fran\u00e7a. Os postos, dizem os funcion\u00e1rios, s\u00e3o lucrativos e refor\u00e7am a marca do BB na Europa.<\/p>\n<p>&nbsp;<\/p>\n<p>O encolhimento do Banco do Brasil no exterior tamb\u00e9m passar\u00e1 pela redu\u00e7\u00e3o das atividades em Lisboa e em Viena. Todos essas ag\u00eancias s\u00e3o tradicional\u00edssimas e funcionam como porta de entrada de importantes neg\u00f3cios de com\u00e9rcio internacional. N\u00e3o est\u00e1 claro para os funcion\u00e1rios do BB o que quer Brand\u00e3o, que diz uma coisa e faz outra.<\/p>\n<p>&nbsp;<\/p>\n<p>O processo de fechamento de ag\u00eancias do BB no exterior come\u00e7ou na gest\u00e3o de Rubem Novaes, considerado um dos piores presidentes que a institui\u00e7\u00e3o teve. De acordo com funcion\u00e1rios do Banco do Brasil, o desastre da administra\u00e7\u00e3o de Novaes foi tamanho, que, mesmo sendo amigo dele, o ministro da Economia, Paulo Guedes, celebrou a troca de comando no BB.<\/p>\n<p>&nbsp;<\/p>\n<p><strong>Falta transpar\u00eancia ao processo<\/strong><\/p>\n<p>&nbsp;<\/p>\n<p>Quem acompanha de perto a redu\u00e7\u00e3o do Banco do Brasil no exterior garante que h\u00e1 muita coisa errada no processo, e que nada est\u00e1 sendo feito de forma transparente. Tamb\u00e9m trabalhos feitos por auditorias da pr\u00f3pria institui\u00e7\u00e3o est\u00e3o sendo relegados. &#8220;A pergunta \u00e9: o que o BB quer esconder?&#8221;, diz um funcion\u00e1rio do banco.<\/p>\n<p>&nbsp;<\/p>\n<p>Em nota encaminhada ao <strong>Blog<\/strong>, o\u00a0Banco do Brasil diz que &#8220;promove, desde o in\u00edcio do ano, processo de reestrutura\u00e7\u00e3o de suas unidades no exterior com o objetivo de ganhar mais efici\u00eancia para sua atua\u00e7\u00e3o internacional e apoiar as atividades de com\u00e9rcio exterior dos clientes&#8221;.<\/p>\n<p>&nbsp;<\/p>\n<p>O BB acrescenta que, &#8220;entre as mudan\u00e7as, est\u00e3o o refor\u00e7o da atua\u00e7\u00e3o em pra\u00e7as que se mostram mais relevantes em nossa opera\u00e7\u00e3o comercial e o encerramento em outras que apresentam menor retorno, como foi o caso dos escrit\u00f3rios comerciais de Mil\u00e3o e Madrid, cujas atividades ser\u00e3o absorvidas por outras unidades na Europa&#8221;.<\/p>\n<p>&nbsp;<\/p>\n<p>Para o Banco do Brasil, &#8220;o apoio ao com\u00e9rcio exterior e \u00e0s atividades comerciais dos nossos clientes no exterior continuam sendo priorit\u00e1rias&#8221;. Assinala, ainda, que seu objetivo \u00e9 &#8220;sempre aumentar a efici\u00eancia de sua opera\u00e7\u00e3o&#8221;.<\/p>\n<p>&nbsp;<\/p>\n<p><em>Bras\u00edlia, 18h01min<\/em><\/p>\n","protected":false},"excerpt":{"rendered":"<p>Andr\u00e9 Brand\u00e3o assumiu a presid\u00eancia do Banco do Brasil h\u00e1 dois meses com a promessa de refor\u00e7ar a atua\u00e7\u00e3o da institui\u00e7\u00e3o no exterior, de forma a prestar um servi\u00e7o de excel\u00eancia aos brasileiros que moram e trabalham fora do pa\u00eds. Mas o que est\u00e1 se vendo \u00e9 exatamente o contr\u00e1rio. N\u00e3o por acaso, os funcion\u00e1rios [&hellip;]<\/p>\n","protected":false},"author":22,"featured_media":11451,"comment_status":"open","ping_status":"closed","sticky":false,"template":"","format":"standard","meta":{"footnotes":""},"categories":[600],"tags":[5050,589,4943,2787],"class_list":["post-16558","post","type-post","status-publish","format-standard","has-post-thumbnail","hentry","category-economia","tag-banco-do-brasil-fecha-agencias-no-exterior-funcionarios-se-dizem-traidos","tag-economia","tag-financas","tag-politica"],"_links":{"self":[{"href":"https:\/\/blogs.correiobraziliense.com.br\/vicente\/wp-json\/wp\/v2\/posts\/16558","targetHints":{"allow":["GET"]}}],"collection":[{"href":"https:\/\/blogs.correiobraziliense.com.br\/vicente\/wp-json\/wp\/v2\/posts"}],"about":[{"href":"https:\/\/blogs.correiobraziliense.com.br\/vicente\/wp-json\/wp\/v2\/types\/post"}],"author":[{"embeddable":true,"href":"https:\/\/blogs.correiobraziliense.com.br\/vicente\/wp-json\/wp\/v2\/users\/22"}],"replies":[{"embeddable":true,"href":"https:\/\/blogs.correiobraziliense.com.br\/vicente\/wp-json\/wp\/v2\/comments?post=16558"}],"version-history":[{"count":3,"href":"https:\/\/blogs.correiobraziliense.com.br\/vicente\/wp-json\/wp\/v2\/posts\/16558\/revisions"}],"predecessor-version":[{"id":16561,"href":"https:\/\/blogs.correiobraziliense.com.br\/vicente\/wp-json\/wp\/v2\/posts\/16558\/revisions\/16561"}],"wp:featuredmedia":[{"embeddable":true,"href":"https:\/\/blogs.correiobraziliense.com.br\/vicente\/wp-json\/wp\/v2\/media\/11451"}],"wp:attachment":[{"href":"https:\/\/blogs.correiobraziliense.com.br\/vicente\/wp-json\/wp\/v2\/media?parent=16558"}],"wp:term":[{"taxonomy":"category","embeddable":true,"href":"https:\/\/blogs.correiobraziliense.com.br\/vicente\/wp-json\/wp\/v2\/categories?post=16558"},{"taxonomy":"post_tag","embeddable":true,"href":"https:\/\/blogs.correiobraziliense.com.br\/vicente\/wp-json\/wp\/v2\/tags?post=16558"}],"curies":[{"name":"wp","href":"https:\/\/api.w.org\/{rel}","templated":true}]}}