{"id":16525,"date":"2020-11-14T12:15:56","date_gmt":"2020-11-14T15:15:56","guid":{"rendered":"https:\/\/blogs.correiobraziliense.com.br\/vicente\/?p=16525"},"modified":"2020-11-14T15:38:33","modified_gmt":"2020-11-14T18:38:33","slug":"forcas-armadas-tentam-jogar-agua-na-fervura-com-bolsonaro","status":"publish","type":"post","link":"https:\/\/blogs.correiobraziliense.com.br\/vicente\/forcas-armadas-tentam-jogar-agua-na-fervura-com-bolsonaro\/","title":{"rendered":"For\u00e7as Armadas tentam jogar \u00e1gua na fervura com Bolsonaro"},"content":{"rendered":"<h2>O ministro da Defesa, Fernando Azevedo, entrou no circuito para jogar \u00e1gua na fervura na crise aberta pelo presidente Jair Bolsonaro com os militares. Em nota divulgada neste s\u00e1bado (14\/11), tamb\u00e9m assinada pelos chefes das For\u00e7as Armadas \u2014\u00a0general Edson Pujol (Ex\u00e9rcito), almirante de esquadra Ilques Barbosa Junior (Marinha) e tenente-brigadeiro do ar Antonio Carlos Bermudez (Aeron\u00e1utica) \u2014, Azevedo diz que Bolsonaro tem demonstrado &#8220;apre\u00e7o&#8221; pelas tropas e tem sido &#8220;correspondido&#8221;.<\/h2>\n<p>&nbsp;<\/p>\n<p>A crise entre o presidente da Rep\u00fablica e os militares atingiu seu \u00e1pice nesta semana, diante do embate de Bolsonaro com seu vice, general Hamilton Mour\u00e3o, o qual, segundo o chefe do Executivo, s\u00f3 n\u00e3o sairia do governo porque era &#8220;indemiss\u00edvel&#8221;, e diante das declara\u00e7\u00f5es de que o Brasil poderia recorrer \u00e0 p\u00f3lvora em caso de enfrentamento com os Estados Unidos. As For\u00e7as Armadas viraram motivo de chacota.<\/p>\n<p>&nbsp;<\/p>\n<p>O descontentamento dos militares em rela\u00e7\u00e3o a Bolsonaro ficou claro nas recentes declara\u00e7\u00f5es de generais, seja em eventos p\u00fablicos, como foi o caso de Pujol, que indicou que a pol\u00edtica n\u00e3o pode entrar no Ex\u00e9rcito, seja por meio das redes sociais. <a href=\"https:\/\/blogs.correiobraziliense.com.br\/vicente\/generais-pedem-que-bolsonaro-pare-de-show-e-o-chamam-de-fanfarrao-e-arrogante\/\">O general Santos Cruz, que foi ministro no atual governo, disse que o presidente deveria &#8220;parar com o show&#8221;<\/a> e ser menos &#8220;arrogante&#8221;, no que foi acompanhado do general Paulo Chagas.<\/p>\n<p>&nbsp;<\/p>\n<p>Quem acompanha os bastidores das For\u00e7as Armadas e do governo afirmam que os dois lados resolveram baixar a guarda para uma boa conviv\u00eancia. <a href=\"https:\/\/blogs.correiobraziliense.com.br\/vicente\/para-militares-ernesto-araujo-e-ricardo-salles-usam-despreparo-de-bolsonaro-para-enrola-lo\/\">Mas n\u00e3o se sabe at\u00e9 quando a tr\u00e9gua ser\u00e1 mantida<\/a>. Os defensores de Bolsonaro nas redes sociais, incluindo os filhos do presidente, n\u00e3o parecem dispostos a reduzir o ataque que v\u00eam fazendo contra os militares. Portanto, o estranhamento tende a continuar.<\/p>\n<p>&nbsp;<\/p>\n<p>Veja a \u00edntegra da nota assinada pelo ministro Fernando Azevedo e os chefes das Tr\u00eas For\u00e7as:<\/p>\n<p>&nbsp;<\/p>\n<p><em>&#8220;A respeito de recentes publica\u00e7\u00f5es e especula\u00e7\u00f5es envolvendo o Governo e as For\u00e7as Armadas, o Ministro de Estado da Defesa e os Comandantes da Marinha, do Ex\u00e9rcito e da Aeron\u00e1utica esclarecem que:<\/em><br \/>\n<em>&#8211; A caracter\u00edstica fundamental das For\u00e7as Armadas como institui\u00e7\u00f5es de Estado, permanentes e necessariamente\u00a0apartadas da pol\u00edtica partid\u00e1ria, conforme ressaltado recentemente por chefes militares, durante semin\u00e1rios programados, \u00e9 prevista em texto constitucional e em nada destoa do entendimento do Governo e do Presidente da Rep\u00fablica;<\/em><br \/>\n<em>&#8211; O Presidente da Rep\u00fablica, como Comandante Supremo, tem demonstrado, por meio de decis\u00f5es, declara\u00e7\u00f5es e presen\u00e7a junto \u00e0s tropas, apre\u00e7o pelas For\u00e7as Armadas, ao que tem sido correspondido;<\/em><br \/>\n<em>&#8211; O \u00fanico representante pol\u00edtico das For\u00e7as Armadas, como integrante do Governo, \u00e9 o Ministro da Defesa;<\/em><br \/>\n<em>&#8211; Os Comandantes da Marinha, do Ex\u00e9rcito e da Aeron\u00e1utica, quando se manifestam, sempre falam em termos institucionais, sobre as atividades e as necessidades de preparo e emprego das suas For\u00e7as, que est\u00e3o voltadas exclusivamente para as miss\u00f5es definidas pela Constitui\u00e7\u00e3o Federal e Leis Complementares;<\/em><br \/>\n<em>&#8211; As For\u00e7as Armadas direcionam todos os seus esfor\u00e7os exclusivamente para o cumprimento de suas miss\u00f5es, estando presentes em todo o Pa\u00eds. Atualmente, atuam no combate ao novo coronav\u00edrus (Opera\u00e7\u00e3o Covid-19), inclusive com apoio \u00e0s comunidades ind\u00edgenas; no combate aos crimes ambientais, ao desmatamento e \u00e0s queimadas na\u00a0Amaz\u00f4nia (Opera\u00e7\u00e3o Verde Brasil 2); no acolhimento e interioriza\u00e7\u00e3o de refugiados da crise na Venezuela (Opera\u00e7\u00e3o Acolhida); no combate aos crimes transnacionais (Opera\u00e7\u00e3o \u00c1gata); no apoio \u00e0s elei\u00e7\u00f5es 2020 (log\u00edstica e garantia da<\/em><br \/>\n<em>vota\u00e7\u00e3o e apura\u00e7\u00e3o); no apoio \u00e0 popula\u00e7\u00e3o do Amap\u00e1, em fun\u00e7\u00e3o da recente crise gerada por falta de energia el\u00e9trica; em a\u00e7\u00f5es humanit\u00e1rias e sociais, como a Opera\u00e7\u00e3o Carro-Pipa (que leva \u00e1gua a milh\u00f5es de pessoas atingidas pela seca), o atendimento m\u00e9dico hospitalar \u00e0s popula\u00e7\u00f5es ribeirinhas e o transporte de \u00f3rg\u00e3os para transplantes; al\u00e9m de in\u00fameras outras atividades, destacando, ainda, a essencial e diuturna prote\u00e7\u00e3o das fronteiras mar\u00edtima, terrestre e a\u00e9rea, que asseguram nossa Soberania e Desenvolvimento Nacional.<\/em><br \/>\n<em>Por fim, um Pa\u00eds forte requer institui\u00e7\u00f5es s\u00f3lidas e transparentes. Tratar com franqueza os assuntos da Defesa, al\u00e9m de proporcionar o fortalecimento das institui\u00e7\u00f5es, contribui para o prop\u00f3sito de al\u00e7armos o Brasil a n\u00edveis adequados de desenvolvimento e seguran\u00e7a.&#8221;<\/em><\/p>\n<p>&nbsp;<\/p>\n<p><em>Bras\u00edlia, 12h15min<\/em><\/p>\n","protected":false},"excerpt":{"rendered":"<p>O ministro da Defesa, Fernando Azevedo, entrou no circuito para jogar \u00e1gua na fervura na crise aberta pelo presidente Jair Bolsonaro com os militares. Em nota divulgada neste s\u00e1bado (14\/11), tamb\u00e9m assinada pelos chefes das For\u00e7as Armadas \u2014\u00a0general Edson Pujol (Ex\u00e9rcito), almirante de esquadra Ilques Barbosa Junior (Marinha) e tenente-brigadeiro do ar Antonio Carlos Bermudez [&hellip;]<\/p>\n","protected":false},"author":22,"featured_media":14408,"comment_status":"open","ping_status":"closed","sticky":false,"template":"","format":"standard","meta":{"footnotes":""},"categories":[600],"tags":[589,5045,2526,2787],"class_list":["post-16525","post","type-post","status-publish","format-standard","has-post-thumbnail","hentry","category-economia","tag-economia","tag-forcas-amardas-tentam-jogar-agua-na-fervura-com-bolsonaro","tag-poder","tag-politica"],"_links":{"self":[{"href":"https:\/\/blogs.correiobraziliense.com.br\/vicente\/wp-json\/wp\/v2\/posts\/16525","targetHints":{"allow":["GET"]}}],"collection":[{"href":"https:\/\/blogs.correiobraziliense.com.br\/vicente\/wp-json\/wp\/v2\/posts"}],"about":[{"href":"https:\/\/blogs.correiobraziliense.com.br\/vicente\/wp-json\/wp\/v2\/types\/post"}],"author":[{"embeddable":true,"href":"https:\/\/blogs.correiobraziliense.com.br\/vicente\/wp-json\/wp\/v2\/users\/22"}],"replies":[{"embeddable":true,"href":"https:\/\/blogs.correiobraziliense.com.br\/vicente\/wp-json\/wp\/v2\/comments?post=16525"}],"version-history":[{"count":5,"href":"https:\/\/blogs.correiobraziliense.com.br\/vicente\/wp-json\/wp\/v2\/posts\/16525\/revisions"}],"predecessor-version":[{"id":16530,"href":"https:\/\/blogs.correiobraziliense.com.br\/vicente\/wp-json\/wp\/v2\/posts\/16525\/revisions\/16530"}],"wp:featuredmedia":[{"embeddable":true,"href":"https:\/\/blogs.correiobraziliense.com.br\/vicente\/wp-json\/wp\/v2\/media\/14408"}],"wp:attachment":[{"href":"https:\/\/blogs.correiobraziliense.com.br\/vicente\/wp-json\/wp\/v2\/media?parent=16525"}],"wp:term":[{"taxonomy":"category","embeddable":true,"href":"https:\/\/blogs.correiobraziliense.com.br\/vicente\/wp-json\/wp\/v2\/categories?post=16525"},{"taxonomy":"post_tag","embeddable":true,"href":"https:\/\/blogs.correiobraziliense.com.br\/vicente\/wp-json\/wp\/v2\/tags?post=16525"}],"curies":[{"name":"wp","href":"https:\/\/api.w.org\/{rel}","templated":true}]}}