{"id":16501,"date":"2020-11-12T16:25:28","date_gmt":"2020-11-12T19:25:28","guid":{"rendered":"https:\/\/blogs.correiobraziliense.com.br\/vicente\/?p=16501"},"modified":"2020-11-12T16:30:02","modified_gmt":"2020-11-12T19:30:02","slug":"dados-de-servicos-faz-cnc-piorar-previsao-de-queda-do-setor-em-2020","status":"publish","type":"post","link":"https:\/\/blogs.correiobraziliense.com.br\/vicente\/dados-de-servicos-faz-cnc-piorar-previsao-de-queda-do-setor-em-2020\/","title":{"rendered":"Dados de servi\u00e7os faz CNC piorar previs\u00e3o de queda do setor em 2020"},"content":{"rendered":"<p><span style=\"font-weight: 400\">ROSANA HESSEL<\/span><\/p>\n<p>&nbsp;<\/p>\n<p><span style=\"font-weight: 400\">Os dados de setembro o setor de servi\u00e7os, divulgados nesta quinta-feira (12\/11) pelo Instituto Brasileiro de Geografia e Estat\u00edstica (IBGE), mostram que a economia, como um todo n\u00e3o est\u00e1 conseguindo se recuperar t\u00e3o rapidamente, da crise provocada pela pandemia de covid-19, com uma curva em V como o ministro da Economia, Paulo Guedes, costuma insistir em afirmar. O segmento avan\u00e7ou 1,8% em rela\u00e7\u00e3o a agosto, quarta alta consecutiva, mas recuou 8,8% no acumulado do ano, na compara\u00e7\u00e3o com o mesmo per\u00edodo de 2019.<\/span><\/p>\n<p>&nbsp;<\/p>\n<p><span style=\"font-weight: 400\">\u201cEst\u00e1 descartada a recupera\u00e7\u00e3o em V no setor de servi\u00e7os\u201d, afirmou o economista Fabio Bentes, da Confedera\u00e7\u00e3o Nacional do Com\u00e9rcio de Bens, Turismo e Servi\u00e7os (CNC), em entrevista ao <strong>Blog<\/strong>. Devido ao resultado de setembro, Bentes acaba de piorar a previs\u00e3o de queda do segmento neste ano, passando de 5,9% para 6,9%. Ele ainda n\u00e3o revisou a previs\u00e3o para o PIB que, atualmente, estima retra\u00e7\u00e3o de 5% em 2020.<\/span><\/p>\n<p>&nbsp;<\/p>\n<p><span style=\"font-weight: 400\">Conforme dados do IBGE, o setor de servi\u00e7os acumula alta de 13,4% nos \u00faltimos quatro meses, mas, entre fevereiro e maio, a perda acumulada foi de 19,8%. Logo, o indicador ainda n\u00e3o retomou o patamar pr\u00e9-crise.<\/span><\/p>\n<p>&nbsp;<\/p>\n<p><span style=\"font-weight: 400\">Pelos c\u00e1lculos de Bentes, os dados de setembro mostram que o setor de servi\u00e7os est\u00e1 9% abaixo da m\u00e9dia registrada no primeiro bimestre de 2020. Enquanto isso, o varejo acumula alta de 11% na mesma base de compara\u00e7\u00e3o e, a ind\u00fastria de 4%. \u201cO setor de turismo \u00e9 o que mais est\u00e1 sofrendo com a crise da, porque ainda est\u00e1 44% abaixo do patamar do primeiro bimestre\u201d, comparou.\u00a0<\/span><span style=\"font-weight: 400\">\u201cO\u00a0 que a gente percebe nesses indicadores conjunturais, a gente percebe que a pandemia foi terr\u00edvel e que a gente precisaria de condi\u00e7\u00f5es melhores para o crescimento e menos menos incerteza, especialmente, com a politiza\u00e7\u00e3o da vacina em meio \u00e0 amea\u00e7a de uma segunda onda chegando sem que o pa\u00eds tenha conseguido acabar com a primeira\u201d, avaliou.<\/span><\/p>\n<p>&nbsp;<\/p>\n<p><span style=\"font-weight: 400\">De acordo com dados da CNC, as perdas no turismo somam R$ 230 bilh\u00f5es e o setor opera com\u00a0 menos de 30% da capacidade. Bentes lembrou ainda que setor de servi\u00e7os responde por 13,5% da for\u00e7a de trabalho do pa\u00eds e fechou 490 mil postos de trabalho entre mar\u00e7o e setembro.\u00a0 Ele contou que sempre perguntam para ele quando \u00e9 que a pandemia vai acabar. \u201cN\u00e3o adianta perguntar para economista, porque a bala de prata para a crise \u00e9 a vacina contra a covid. E, com a recente politiza\u00e7\u00e3o da vacina, dificilmente vamos conseguir sair dela\u201d, alertou.<\/span><\/p>\n<p>&nbsp;<\/p>\n<p><span style=\"font-weight: 400\">Nesta semana, o presidente Jair Bolsonaro, comemorou a suspens\u00e3o dos testes da CoronaVac, no pa\u00eds pela Anvisa,\u00a0 em uma clara sinaliza\u00e7\u00e3o de festejar uma &#8220;vit\u00f3ria&#8221; pessoal porque a vacina \u00e9 chinesa e est\u00e1 sendo desenvolvida no estado de S\u00e3o Paulo, governado pelo desafeto Jo\u00e3o D\u00f3ria (PSDB). Ontem, os testes foram retomados ap\u00f3s a constata\u00e7\u00e3o de que a morte de um dos volunt\u00e1rios n\u00e3o foi causada por covid-19, e, sim, por suic\u00eddio.<\/span><\/p>\n<p>&nbsp;<\/p>\n","protected":false},"excerpt":{"rendered":"<p>ROSANA HESSEL &nbsp; Os dados de setembro o setor de servi\u00e7os, divulgados nesta quinta-feira (12\/11) pelo Instituto Brasileiro de Geografia e Estat\u00edstica (IBGE), mostram que a economia, como um todo n\u00e3o est\u00e1 conseguindo se recuperar t\u00e3o rapidamente, da crise provocada pela pandemia de covid-19, com uma curva em V como o ministro da Economia, Paulo [&hellip;]<\/p>\n","protected":false},"author":22,"featured_media":13023,"comment_status":"open","ping_status":"closed","sticky":false,"template":"","format":"standard","meta":{"footnotes":""},"categories":[600],"tags":[28,27,391,31,414],"class_list":["post-16501","post","type-post","status-publish","format-standard","has-post-thumbnail","hentry","category-economia","tag-cnc","tag-fabio-bentes","tag-ibge","tag-recessao","tag-servicos"],"_links":{"self":[{"href":"https:\/\/blogs.correiobraziliense.com.br\/vicente\/wp-json\/wp\/v2\/posts\/16501","targetHints":{"allow":["GET"]}}],"collection":[{"href":"https:\/\/blogs.correiobraziliense.com.br\/vicente\/wp-json\/wp\/v2\/posts"}],"about":[{"href":"https:\/\/blogs.correiobraziliense.com.br\/vicente\/wp-json\/wp\/v2\/types\/post"}],"author":[{"embeddable":true,"href":"https:\/\/blogs.correiobraziliense.com.br\/vicente\/wp-json\/wp\/v2\/users\/22"}],"replies":[{"embeddable":true,"href":"https:\/\/blogs.correiobraziliense.com.br\/vicente\/wp-json\/wp\/v2\/comments?post=16501"}],"version-history":[{"count":5,"href":"https:\/\/blogs.correiobraziliense.com.br\/vicente\/wp-json\/wp\/v2\/posts\/16501\/revisions"}],"predecessor-version":[{"id":16506,"href":"https:\/\/blogs.correiobraziliense.com.br\/vicente\/wp-json\/wp\/v2\/posts\/16501\/revisions\/16506"}],"wp:featuredmedia":[{"embeddable":true,"href":"https:\/\/blogs.correiobraziliense.com.br\/vicente\/wp-json\/wp\/v2\/media\/13023"}],"wp:attachment":[{"href":"https:\/\/blogs.correiobraziliense.com.br\/vicente\/wp-json\/wp\/v2\/media?parent=16501"}],"wp:term":[{"taxonomy":"category","embeddable":true,"href":"https:\/\/blogs.correiobraziliense.com.br\/vicente\/wp-json\/wp\/v2\/categories?post=16501"},{"taxonomy":"post_tag","embeddable":true,"href":"https:\/\/blogs.correiobraziliense.com.br\/vicente\/wp-json\/wp\/v2\/tags?post=16501"}],"curies":[{"name":"wp","href":"https:\/\/api.w.org\/{rel}","templated":true}]}}