{"id":16497,"date":"2020-11-11T18:01:22","date_gmt":"2020-11-11T21:01:22","guid":{"rendered":"https:\/\/blogs.correiobraziliense.com.br\/vicente\/?p=16497"},"modified":"2020-11-11T19:33:44","modified_gmt":"2020-11-11T22:33:44","slug":"general-rego-barros-se-voce-nao-governa-para-todos-nao-governa-para-ninguem","status":"publish","type":"post","link":"https:\/\/blogs.correiobraziliense.com.br\/vicente\/general-rego-barros-se-voce-nao-governa-para-todos-nao-governa-para-ninguem\/","title":{"rendered":"General R\u00eago Barros: &#8220;Se voc\u00ea n\u00e3o governa para todos, n\u00e3o governa para ningu\u00e9m&#8221;"},"content":{"rendered":"<h2>Um dos militares mais cr\u00edticos ao presidente Jair Bolsonaro, o general Ot\u00e1vio do R\u00eago Barros afirma, em <a href=\"https:\/\/www.correiobraziliense.com.br\/opiniao\/2020\/11\/4887722-um-sabado-anormal.html\">artigo ao <strong>Correio<\/strong><\/a>, que um governante n\u00e3o pode se fiar em um grupo espec\u00edfico para se sustentar no poder. &#8220;Se voc\u00ea n\u00e3o governa para todos, n\u00e3o governa para ningu\u00e9m&#8221;. Bolsonaro aposta que a mesma divis\u00e3o do pa\u00eds que lhe garantiu a elei\u00e7\u00e3o lhe dar\u00e1 mais quatro anos de mandato.<\/h2>\n<p>&nbsp;<\/p>\n<p>Para R\u00eago Barros, que foi porta-voz do governo, a maior &#8220;peleja&#8221; da sociedade &#8220;\u00e9 n\u00e3o permitir que os l\u00edderes pol\u00edticos, independentemente da colora\u00e7\u00e3o partid\u00e1ria, nos instile o veneno da avers\u00e3o ao discordante&#8221;. Para ele, &#8220;a s\u00e3 pol\u00edtica \u00e9 filha da moral e da raz\u00e3o&#8221;.<\/p>\n<p>&nbsp;<\/p>\n<p>As palavras do general ecoam em meio ao turbilh\u00e3o de barbaridades ditas por Bolsonaro, que chegou ao absurdo de usar um suic\u00eddio para tirar proveito pol\u00edtico na disputa insana que trava com o governador de S\u00e3o Paulo, Jo\u00e3o D\u00f3ria, de olho em 2022.<\/p>\n<p>&nbsp;<\/p>\n<p>No entender do ex-porta-voz, \u00e9 preciso &#8220;encontrar f\u00f3rmulas para fortalecer as decis\u00f5es individuais dos eleitores, que lhes permitam tecer poderosos escudos contra invencionices de campanha e mentiras transformadas em verdade pela repeti\u00e7\u00e3o&#8221;.<\/p>\n<p>&nbsp;<\/p>\n<p>Numa analogia \u00e0s elei\u00e7\u00f5es americanas, vencidas pelo democrata Joe Biden, e citando o escritor S\u00e9rgio Buarque de Holanda, o general diz que a substitui\u00e7\u00e3o dos detentores de poder p\u00fablico, para ser efetiva, precisa vir acompanhada de transforma\u00e7\u00f5es complexas e verdadeiramente estruturais na vida da sociedade.<\/p>\n<p>&nbsp;<\/p>\n<p>Bolsonaro, como se sabe, vendeu o discurso de que seu governo romperia com todo o sistema tradicional da pol\u00edtica e que haveria um combate sem tr\u00e9guas \u00e0 corrup\u00e7\u00e3o. O que se v\u00ea quase dois anos depois de ele ter tomado posse \u00e9 que se associou ao Centr\u00e3o, o grupo pol\u00edtico mais fisiol\u00f3gico do pa\u00eds, cujos principais l\u00edderes ou est\u00e3o preso ou est\u00e3o na mira de ser.<\/p>\n<p>&nbsp;<\/p>\n<p>O presidente, portanto, manteve intacta a estrutura que prometeu combater apostando que, assim, se manter\u00e1 no poder e conseguir\u00e1 proteger seus filhos, cada vez mais enrolados com a Justi\u00e7a. Bolsonaro s\u00f3 olha para o pr\u00f3prio umbigo.<\/p>\n<p>&nbsp;<\/p>\n<p><em>Bras\u00edlia, 18h01min<\/em><\/p>\n","protected":false},"excerpt":{"rendered":"<p>Um dos militares mais cr\u00edticos ao presidente Jair Bolsonaro, o general Ot\u00e1vio do R\u00eago Barros afirma, em artigo ao Correio, que um governante n\u00e3o pode se fiar em um grupo espec\u00edfico para se sustentar no poder. &#8220;Se voc\u00ea n\u00e3o governa para todos, n\u00e3o governa para ningu\u00e9m&#8221;. Bolsonaro aposta que a mesma divis\u00e3o do pa\u00eds que [&hellip;]<\/p>\n","protected":false},"author":22,"featured_media":14408,"comment_status":"open","ping_status":"closed","sticky":false,"template":"","format":"standard","meta":{"footnotes":""},"categories":[600],"tags":[926,589,5040,5041,2526,2787],"class_list":["post-16497","post","type-post","status-publish","format-standard","has-post-thumbnail","hentry","category-economia","tag-brasilia","tag-economia","tag-general-rego-barros-se-voce-nao-governa-para-todos","tag-nao-governa-para-ninguem","tag-poder","tag-politica"],"_links":{"self":[{"href":"https:\/\/blogs.correiobraziliense.com.br\/vicente\/wp-json\/wp\/v2\/posts\/16497","targetHints":{"allow":["GET"]}}],"collection":[{"href":"https:\/\/blogs.correiobraziliense.com.br\/vicente\/wp-json\/wp\/v2\/posts"}],"about":[{"href":"https:\/\/blogs.correiobraziliense.com.br\/vicente\/wp-json\/wp\/v2\/types\/post"}],"author":[{"embeddable":true,"href":"https:\/\/blogs.correiobraziliense.com.br\/vicente\/wp-json\/wp\/v2\/users\/22"}],"replies":[{"embeddable":true,"href":"https:\/\/blogs.correiobraziliense.com.br\/vicente\/wp-json\/wp\/v2\/comments?post=16497"}],"version-history":[{"count":2,"href":"https:\/\/blogs.correiobraziliense.com.br\/vicente\/wp-json\/wp\/v2\/posts\/16497\/revisions"}],"predecessor-version":[{"id":16499,"href":"https:\/\/blogs.correiobraziliense.com.br\/vicente\/wp-json\/wp\/v2\/posts\/16497\/revisions\/16499"}],"wp:featuredmedia":[{"embeddable":true,"href":"https:\/\/blogs.correiobraziliense.com.br\/vicente\/wp-json\/wp\/v2\/media\/14408"}],"wp:attachment":[{"href":"https:\/\/blogs.correiobraziliense.com.br\/vicente\/wp-json\/wp\/v2\/media?parent=16497"}],"wp:term":[{"taxonomy":"category","embeddable":true,"href":"https:\/\/blogs.correiobraziliense.com.br\/vicente\/wp-json\/wp\/v2\/categories?post=16497"},{"taxonomy":"post_tag","embeddable":true,"href":"https:\/\/blogs.correiobraziliense.com.br\/vicente\/wp-json\/wp\/v2\/tags?post=16497"}],"curies":[{"name":"wp","href":"https:\/\/api.w.org\/{rel}","templated":true}]}}