{"id":16489,"date":"2020-11-10T22:19:35","date_gmt":"2020-11-11T01:19:35","guid":{"rendered":"https:\/\/blogs.correiobraziliense.com.br\/vicente\/?p=16489"},"modified":"2020-11-10T22:44:59","modified_gmt":"2020-11-11T01:44:59","slug":"os-fins-de-semana-de-amor-de-carlos-bolsonaro-em-gramado","status":"publish","type":"post","link":"https:\/\/blogs.correiobraziliense.com.br\/vicente\/os-fins-de-semana-de-amor-de-carlos-bolsonaro-em-gramado\/","title":{"rendered":"Os fins de semana de amor de Carlos Bolsonaro em Gramado"},"content":{"rendered":"<h2>Filho 02 do presidente da Rep\u00fablica, Jair Bolsonaro, o vereador Carlos Bolsonaro deixou um vazio em Gramado, cidade rom\u00e2ntica do Rio Grande do Sul, perfeita para casais apaixonados.<\/h2>\n<p>&nbsp;<\/p>\n<p>H\u00e1 quatro meses ele n\u00e3o aparece por l\u00e1. Os amigos dizem que ele est\u00e1 mergulhado na campanha para a reelei\u00e7\u00e3o \u00e0 C\u00e2mara Municipal do Rio de Janeiro.<\/p>\n<p>&nbsp;<\/p>\n<p>Gramado passou a ser o destino preferido de Carlos Bolsonaro depois que ele deixou de se deslocar para Santa Catarina, onde mora\u00a0Paula Bramont, com quem ele manteria um romance por cerca de oito anos.<\/p>\n<p>&nbsp;<\/p>\n<p>As \u00faltimas viagens de Carluxo, como ele \u00e9 chamado nas redes sociais, para Santa Catarina foram em janeiro. Desde ent\u00e3o, a cidade ga\u00facha ganhou o cora\u00e7\u00e3o dele.<\/p>\n<p>&nbsp;<\/p>\n<p><em>Bras\u00edlia, 22h19min<\/em><\/p>\n","protected":false},"excerpt":{"rendered":"<p>Filho 02 do presidente da Rep\u00fablica, Jair Bolsonaro, o vereador Carlos Bolsonaro deixou um vazio em Gramado, cidade rom\u00e2ntica do Rio Grande do Sul, perfeita para casais apaixonados. &nbsp; H\u00e1 quatro meses ele n\u00e3o aparece por l\u00e1. Os amigos dizem que ele est\u00e1 mergulhado na campanha para a reelei\u00e7\u00e3o \u00e0 C\u00e2mara Municipal do Rio de [&hellip;]<\/p>\n","protected":false},"author":22,"featured_media":16490,"comment_status":"open","ping_status":"closed","sticky":false,"template":"","format":"standard","meta":{"footnotes":""},"categories":[600],"tags":[589,5037,2526,2787],"class_list":["post-16489","post","type-post","status-publish","format-standard","has-post-thumbnail","hentry","category-economia","tag-economia","tag-os-fins-de-semana-de-amor-de-carlos-bolsonaro-em-gramado","tag-poder","tag-politica"],"_links":{"self":[{"href":"https:\/\/blogs.correiobraziliense.com.br\/vicente\/wp-json\/wp\/v2\/posts\/16489","targetHints":{"allow":["GET"]}}],"collection":[{"href":"https:\/\/blogs.correiobraziliense.com.br\/vicente\/wp-json\/wp\/v2\/posts"}],"about":[{"href":"https:\/\/blogs.correiobraziliense.com.br\/vicente\/wp-json\/wp\/v2\/types\/post"}],"author":[{"embeddable":true,"href":"https:\/\/blogs.correiobraziliense.com.br\/vicente\/wp-json\/wp\/v2\/users\/22"}],"replies":[{"embeddable":true,"href":"https:\/\/blogs.correiobraziliense.com.br\/vicente\/wp-json\/wp\/v2\/comments?post=16489"}],"version-history":[{"count":1,"href":"https:\/\/blogs.correiobraziliense.com.br\/vicente\/wp-json\/wp\/v2\/posts\/16489\/revisions"}],"predecessor-version":[{"id":16491,"href":"https:\/\/blogs.correiobraziliense.com.br\/vicente\/wp-json\/wp\/v2\/posts\/16489\/revisions\/16491"}],"wp:featuredmedia":[{"embeddable":true,"href":"https:\/\/blogs.correiobraziliense.com.br\/vicente\/wp-json\/wp\/v2\/media\/16490"}],"wp:attachment":[{"href":"https:\/\/blogs.correiobraziliense.com.br\/vicente\/wp-json\/wp\/v2\/media?parent=16489"}],"wp:term":[{"taxonomy":"category","embeddable":true,"href":"https:\/\/blogs.correiobraziliense.com.br\/vicente\/wp-json\/wp\/v2\/categories?post=16489"},{"taxonomy":"post_tag","embeddable":true,"href":"https:\/\/blogs.correiobraziliense.com.br\/vicente\/wp-json\/wp\/v2\/tags?post=16489"}],"curies":[{"name":"wp","href":"https:\/\/api.w.org\/{rel}","templated":true}]}}