{"id":16487,"date":"2020-11-10T18:17:07","date_gmt":"2020-11-10T21:17:07","guid":{"rendered":"https:\/\/blogs.correiobraziliense.com.br\/vicente\/?p=16487"},"modified":"2020-11-10T22:30:00","modified_gmt":"2020-11-11T01:30:00","slug":"licoes-para-as-empresas-tirarem-proveito-da-black-friday","status":"publish","type":"post","link":"https:\/\/blogs.correiobraziliense.com.br\/vicente\/licoes-para-as-empresas-tirarem-proveito-da-black-friday\/","title":{"rendered":"Li\u00e7\u00f5es para as empresas tirarem proveito da Black Friday"},"content":{"rendered":"<h2>Um grupo de especialistas re\u00fane-se nesta quarta-feira (11\/11) em uma s\u00e9rie de cursos, cujo objetivo principal \u00e9 ensinar empresas a atuarem na Black Friday, um dos melhores per\u00edodos de vendas para o comercio.<\/h2>\n<h2><\/h2>\n<p>Segundo Sheila D&#8217;Amorim, uma das palestrantes, as empresas precisam dar aten\u00e7\u00e3o especial a 6 milh\u00f5es de novos consumidores que entraram para o mundo on-line nesta pandemia. S\u00e3o um p\u00fablico muito especial.<\/p>\n<p>&nbsp;<\/p>\n<p>&#8220;O e-commerce tornou-se uma arena ainda mais relevante para quem empreende. S\u00f3 que, para muitos, \u00e9 um mundo novo&#8221;, diz Sheila. &#8220;Muitas empresas acham que esse mundo de vendas na internet \u00e9 s\u00f3 para os grand\u00f5es&#8221;, emenda.<\/p>\n<p>&nbsp;<\/p>\n<p>A meta dos cursos \u00e9 capacitar os empreendedores, ensin\u00e1-los a impulsionar seus produtos nas redes sociais, achar os clientes certos, fazer posts,\u00a0usar seus colaboradores a seu favor para ajudar a bombar as marcas. Trata-se de uma oportunidade e tanto.<\/p>\n<p>&nbsp;<\/p>\n<p><em>Bras\u00edlia, 18h17min<\/em><\/p>\n","protected":false},"excerpt":{"rendered":"<p>Um grupo de especialistas re\u00fane-se nesta quarta-feira (11\/11) em uma s\u00e9rie de cursos, cujo objetivo principal \u00e9 ensinar empresas a atuarem na Black Friday, um dos melhores per\u00edodos de vendas para o comercio. Segundo Sheila D&#8217;Amorim, uma das palestrantes, as empresas precisam dar aten\u00e7\u00e3o especial a 6 milh\u00f5es de novos consumidores que entraram para o [&hellip;]<\/p>\n","protected":false},"author":22,"featured_media":11785,"comment_status":"open","ping_status":"closed","sticky":false,"template":"","format":"standard","meta":{"footnotes":""},"categories":[600],"tags":[589,4943,5036,4547],"class_list":["post-16487","post","type-post","status-publish","format-standard","has-post-thumbnail","hentry","category-economia","tag-economia","tag-financas","tag-licoes-para-as-empresas-tirarem-proveito-da-black-friday","tag-negocios"],"_links":{"self":[{"href":"https:\/\/blogs.correiobraziliense.com.br\/vicente\/wp-json\/wp\/v2\/posts\/16487","targetHints":{"allow":["GET"]}}],"collection":[{"href":"https:\/\/blogs.correiobraziliense.com.br\/vicente\/wp-json\/wp\/v2\/posts"}],"about":[{"href":"https:\/\/blogs.correiobraziliense.com.br\/vicente\/wp-json\/wp\/v2\/types\/post"}],"author":[{"embeddable":true,"href":"https:\/\/blogs.correiobraziliense.com.br\/vicente\/wp-json\/wp\/v2\/users\/22"}],"replies":[{"embeddable":true,"href":"https:\/\/blogs.correiobraziliense.com.br\/vicente\/wp-json\/wp\/v2\/comments?post=16487"}],"version-history":[{"count":1,"href":"https:\/\/blogs.correiobraziliense.com.br\/vicente\/wp-json\/wp\/v2\/posts\/16487\/revisions"}],"predecessor-version":[{"id":16488,"href":"https:\/\/blogs.correiobraziliense.com.br\/vicente\/wp-json\/wp\/v2\/posts\/16487\/revisions\/16488"}],"wp:featuredmedia":[{"embeddable":true,"href":"https:\/\/blogs.correiobraziliense.com.br\/vicente\/wp-json\/wp\/v2\/media\/11785"}],"wp:attachment":[{"href":"https:\/\/blogs.correiobraziliense.com.br\/vicente\/wp-json\/wp\/v2\/media?parent=16487"}],"wp:term":[{"taxonomy":"category","embeddable":true,"href":"https:\/\/blogs.correiobraziliense.com.br\/vicente\/wp-json\/wp\/v2\/categories?post=16487"},{"taxonomy":"post_tag","embeddable":true,"href":"https:\/\/blogs.correiobraziliense.com.br\/vicente\/wp-json\/wp\/v2\/tags?post=16487"}],"curies":[{"name":"wp","href":"https:\/\/api.w.org\/{rel}","templated":true}]}}