{"id":16464,"date":"2020-11-09T19:18:45","date_gmt":"2020-11-09T22:18:45","guid":{"rendered":"https:\/\/blogs.correiobraziliense.com.br\/vicente\/?p=16464"},"modified":"2020-11-09T19:49:26","modified_gmt":"2020-11-09T22:49:26","slug":"gabriel-leal-de-barros-troca-o-btg-pactual-pela-rps-capital","status":"publish","type":"post","link":"https:\/\/blogs.correiobraziliense.com.br\/vicente\/gabriel-leal-de-barros-troca-o-btg-pactual-pela-rps-capital\/","title":{"rendered":"Gabriel Leal de Barros troca o BTG Pactual pela RPS Capital"},"content":{"rendered":"<p>O economista Gabriel Leal de Barros, um dos maiores especialistas em contas p\u00fablicas do pa\u00eds, trocou o BTG Pactual pela RPS Capital, da qual ser\u00e1 s\u00f3cio e economista-chefe.<\/p>\n<p>&nbsp;<\/p>\n<p>O time da RPS, que administra o fundo\u00a0RPS Global Macro, ser\u00e1 refor\u00e7ado ainda por outros dois s\u00f3cios: Daniel Vaz e Joaquim Sampaio, ambos da Pen\u00ednsula\/O3.<\/p>\n<p>&nbsp;<\/p>\n<p>H\u00e1 oito anos no mercado, a RPS Capital \u00e9 refer\u00eancia em renda vari\u00e1vel. Agora, faz importante movimento institucional de fortalecimento do seu time de especialistas em macroeconomia.<\/p>\n<p>&nbsp;<\/p>\n<p>Barros ficar\u00e1 respons\u00e1vel por an\u00e1lises macro de Brasil e de outros pa\u00edses emergentes e avan\u00e7ados.<\/p>\n<p>&nbsp;<\/p>\n<p><em>Bras\u00edlia, 19h18min<\/em><\/p>\n","protected":false},"excerpt":{"rendered":"<p>O economista Gabriel Leal de Barros, um dos maiores especialistas em contas p\u00fablicas do pa\u00eds, trocou o BTG Pactual pela RPS Capital, da qual ser\u00e1 s\u00f3cio e economista-chefe. &nbsp; O time da RPS, que administra o fundo\u00a0RPS Global Macro, ser\u00e1 refor\u00e7ado ainda por outros dois s\u00f3cios: Daniel Vaz e Joaquim Sampaio, ambos da Pen\u00ednsula\/O3. &nbsp; [&hellip;]<\/p>\n","protected":false},"author":22,"featured_media":16465,"comment_status":"open","ping_status":"closed","sticky":false,"template":"","format":"standard","meta":{"footnotes":""},"categories":[600],"tags":[589,4943,5031,4547],"class_list":["post-16464","post","type-post","status-publish","format-standard","has-post-thumbnail","hentry","category-economia","tag-economia","tag-financas","tag-gabriel-leal-de-barros-troca-o-btg-pactual-pela-rps-capital","tag-negocios"],"_links":{"self":[{"href":"https:\/\/blogs.correiobraziliense.com.br\/vicente\/wp-json\/wp\/v2\/posts\/16464","targetHints":{"allow":["GET"]}}],"collection":[{"href":"https:\/\/blogs.correiobraziliense.com.br\/vicente\/wp-json\/wp\/v2\/posts"}],"about":[{"href":"https:\/\/blogs.correiobraziliense.com.br\/vicente\/wp-json\/wp\/v2\/types\/post"}],"author":[{"embeddable":true,"href":"https:\/\/blogs.correiobraziliense.com.br\/vicente\/wp-json\/wp\/v2\/users\/22"}],"replies":[{"embeddable":true,"href":"https:\/\/blogs.correiobraziliense.com.br\/vicente\/wp-json\/wp\/v2\/comments?post=16464"}],"version-history":[{"count":3,"href":"https:\/\/blogs.correiobraziliense.com.br\/vicente\/wp-json\/wp\/v2\/posts\/16464\/revisions"}],"predecessor-version":[{"id":16468,"href":"https:\/\/blogs.correiobraziliense.com.br\/vicente\/wp-json\/wp\/v2\/posts\/16464\/revisions\/16468"}],"wp:featuredmedia":[{"embeddable":true,"href":"https:\/\/blogs.correiobraziliense.com.br\/vicente\/wp-json\/wp\/v2\/media\/16465"}],"wp:attachment":[{"href":"https:\/\/blogs.correiobraziliense.com.br\/vicente\/wp-json\/wp\/v2\/media?parent=16464"}],"wp:term":[{"taxonomy":"category","embeddable":true,"href":"https:\/\/blogs.correiobraziliense.com.br\/vicente\/wp-json\/wp\/v2\/categories?post=16464"},{"taxonomy":"post_tag","embeddable":true,"href":"https:\/\/blogs.correiobraziliense.com.br\/vicente\/wp-json\/wp\/v2\/tags?post=16464"}],"curies":[{"name":"wp","href":"https:\/\/api.w.org\/{rel}","templated":true}]}}