{"id":16409,"date":"2020-11-04T15:46:21","date_gmt":"2020-11-04T18:46:21","guid":{"rendered":"https:\/\/blogs.correiobraziliense.com.br\/vicente\/?p=16409"},"modified":"2020-11-04T16:28:04","modified_gmt":"2020-11-04T19:28:04","slug":"se-biden-ganhar-ricardo-salles-e-ernesto-araujo-podem-limpar-as-gavetas-dizem-especialistas","status":"publish","type":"post","link":"https:\/\/blogs.correiobraziliense.com.br\/vicente\/se-biden-ganhar-ricardo-salles-e-ernesto-araujo-podem-limpar-as-gavetas-dizem-especialistas\/","title":{"rendered":"Se Biden ganhar, Ricardo Salles e Ernesto Ara\u00fajo podem limpar as gavetas, dizem especialistas"},"content":{"rendered":"<h2>Diante da possibilidade de o democrata Joe Biden vencer as elei\u00e7\u00f5es nos Estados Unidos \u2014 a disputa com Donald Trump est\u00e1 voto a voto \u2014, os ministros do Meio Ambiente, Ricardo Salles, e de Rela\u00e7\u00f5es Exteriores, Ernesto Ara\u00fajo, j\u00e1 devem come\u00e7ar a limpar as gavetas. Dever\u00e3o ser demitidos na poss\u00edvel reforma ministerial esperada para fevereiro de 2021.<\/h2>\n<p>&nbsp;<\/p>\n<p>Segundo Wagner Parente, CEO da BMJ Consultores, Salles e Ara\u00fajo se tornaram o s\u00edmbolo da pol\u00edtica ideol\u00f3gica defendida por Trump, que n\u00e3o encontra espa\u00e7o na agenda de Biden. Ou seja, na tentativa de reconstruir as pontes com os EUA, o presidente Jair Bolsonaro ter\u00e1 de abrir m\u00e3o dos dois ministros, vistos como s\u00edmbolos do atraso.<\/p>\n<p>&nbsp;<\/p>\n<p>Para Jo\u00e3o Carlos Souto, professor de direito constitucional da UDF, Bolsonaro ter\u00e1 que ceder caso queira evitar um poss\u00edvel isolamento do Brasil pelos EUA. Ele reconhece que, independentemente das boas rela\u00e7\u00f5es comerciais entre os dois pa\u00edses, o atual governo brasileiro avan\u00e7ou todos os sinais ao se alinhar a Trump.<\/p>\n<p>&nbsp;<\/p>\n<p>Para Souto, Salles ser\u00e1 o mais visado em caso de vit\u00f3ria de Biden, porque representa o desastre da pol\u00edtica ambiental brasileira. O tema \u00e9 t\u00e3o relevante, que o democrata usou um debate com Trump para mandar recado ao Brasil sobre as queimadas no pa\u00eds. Disse que, eleito presidente dos EUA, oferecer\u00e1 US$ 20 bilh\u00f5es para a preserva\u00e7\u00e3o da Amaz\u00f4nia.<\/p>\n<p>&nbsp;<\/p>\n<p>Wagner Parente acrescenta que, diante da mudan\u00e7a radical na pol\u00edtica externa brasileira desde o in\u00edcio do atual governo, Ernesto Ara\u00fajo tamb\u00e9m entrou na mira dos democratas. Assim, como forma de manter as portas abertas nas rela\u00e7\u00f5es com os americanos, Bolsonaro ter\u00e1 que mudar a cara do Itamaraty. Ser\u00e1 pragmatismo. Nada mais do que isso.<\/p>\n<p>&nbsp;<\/p>\n<p><em>Bras\u00edlia, 15h46min<\/em><\/p>\n","protected":false},"excerpt":{"rendered":"<p>Diante da possibilidade de o democrata Joe Biden vencer as elei\u00e7\u00f5es nos Estados Unidos \u2014 a disputa com Donald Trump est\u00e1 voto a voto \u2014, os ministros do Meio Ambiente, Ricardo Salles, e de Rela\u00e7\u00f5es Exteriores, Ernesto Ara\u00fajo, j\u00e1 devem come\u00e7ar a limpar as gavetas. Dever\u00e3o ser demitidos na poss\u00edvel reforma ministerial esperada para fevereiro [&hellip;]<\/p>\n","protected":false},"author":22,"featured_media":16410,"comment_status":"open","ping_status":"closed","sticky":false,"template":"","format":"standard","meta":{"footnotes":""},"categories":[600],"tags":[5020,589,4954,622,2787,5019,5018],"class_list":["post-16409","post","type-post","status-publish","format-standard","has-post-thumbnail","hentry","category-economia","tag-dizem-especialistas","tag-economia","tag-internacional","tag-mundo","tag-politica","tag-ricardo-salles-e-ernesto-araujo-podem-limpar-as-gavetas","tag-se-biden-ganhar"],"_links":{"self":[{"href":"https:\/\/blogs.correiobraziliense.com.br\/vicente\/wp-json\/wp\/v2\/posts\/16409","targetHints":{"allow":["GET"]}}],"collection":[{"href":"https:\/\/blogs.correiobraziliense.com.br\/vicente\/wp-json\/wp\/v2\/posts"}],"about":[{"href":"https:\/\/blogs.correiobraziliense.com.br\/vicente\/wp-json\/wp\/v2\/types\/post"}],"author":[{"embeddable":true,"href":"https:\/\/blogs.correiobraziliense.com.br\/vicente\/wp-json\/wp\/v2\/users\/22"}],"replies":[{"embeddable":true,"href":"https:\/\/blogs.correiobraziliense.com.br\/vicente\/wp-json\/wp\/v2\/comments?post=16409"}],"version-history":[{"count":1,"href":"https:\/\/blogs.correiobraziliense.com.br\/vicente\/wp-json\/wp\/v2\/posts\/16409\/revisions"}],"predecessor-version":[{"id":16411,"href":"https:\/\/blogs.correiobraziliense.com.br\/vicente\/wp-json\/wp\/v2\/posts\/16409\/revisions\/16411"}],"wp:featuredmedia":[{"embeddable":true,"href":"https:\/\/blogs.correiobraziliense.com.br\/vicente\/wp-json\/wp\/v2\/media\/16410"}],"wp:attachment":[{"href":"https:\/\/blogs.correiobraziliense.com.br\/vicente\/wp-json\/wp\/v2\/media?parent=16409"}],"wp:term":[{"taxonomy":"category","embeddable":true,"href":"https:\/\/blogs.correiobraziliense.com.br\/vicente\/wp-json\/wp\/v2\/categories?post=16409"},{"taxonomy":"post_tag","embeddable":true,"href":"https:\/\/blogs.correiobraziliense.com.br\/vicente\/wp-json\/wp\/v2\/tags?post=16409"}],"curies":[{"name":"wp","href":"https:\/\/api.w.org\/{rel}","templated":true}]}}