{"id":16400,"date":"2020-11-03T14:31:19","date_gmt":"2020-11-03T17:31:19","guid":{"rendered":"https:\/\/blogs.correiobraziliense.com.br\/vicente\/?p=16400"},"modified":"2020-11-03T14:31:43","modified_gmt":"2020-11-03T17:31:43","slug":"bolsonaro-nao-tem-opcao-e-vai-comprar-a-vacina-chinesa-avaliam-militares","status":"publish","type":"post","link":"https:\/\/blogs.correiobraziliense.com.br\/vicente\/bolsonaro-nao-tem-opcao-e-vai-comprar-a-vacina-chinesa-avaliam-militares\/","title":{"rendered":"Bolsonaro n\u00e3o tem op\u00e7\u00e3o e vai comprar a vacina chinesa, avaliam militares"},"content":{"rendered":"<h2>RENATO SOUZA<\/h2>\n<h2><\/h2>\n<h2>Militares do alto escal\u00e3o das For\u00e7as Armadas avaliam que o presidente Jair Bolsonaro n\u00e3o tem outra op\u00e7\u00e3o a n\u00e3o ser a de comprar a vacina produzida em parceria entre a China e o Instituto Butantan, caso ela seja a primeira a ser aprovada pela Ag\u00eancia Nacional de Vigil\u00e2ncia Sanit\u00e1ria (Anvisa). As declara\u00e7\u00f5es do chefe do Executivo de que n\u00e3o compraria a vacina chinesa repercutiram mal nas For\u00e7as Armadas.<\/h2>\n<p>&nbsp;<\/p>\n<p>Os generais do Ex\u00e9rcito e oficiais da For\u00e7a A\u00e9rea e da Marinha compactuam com a vis\u00e3o do vice-presidente, Hamilton Mour\u00e3o, de que o governo federal deve adquirir as doses. &#8220;O presidente foi muito infeliz nas declara\u00e7\u00f5es. Se a vacina chinesa for aprovada pela Anvisa, tem que comprar. N\u00e3o tem outra op\u00e7\u00e3o&#8221;, disse um general ouvido pelo <strong>Blog<\/strong>.<\/p>\n<p>&nbsp;<\/p>\n<p>Auxiliares da presid\u00eancia j\u00e1 avaliam que Bolsonaro pode mudar de ideia em breve e autorizar a compra da CovonaVac, embora continue sendo contra a vacina\u00e7\u00e3o obrigat\u00f3ria. S\u00e3o Paulo se prepara para adquirir 46 milh\u00f5es de doses. Mas o Instituto Butantan j\u00e1 declarou que pode realizar uma produ\u00e7\u00e3o em larga escala, se necess\u00e1rio.<\/p>\n<p>&nbsp;<\/p>\n<p>As declara\u00e7\u00f5es sobre a vacina e em rela\u00e7\u00e3o \u00e0 Amaz\u00f4nia t\u00eam gerado indisposi\u00e7\u00e3o entre o presidente e seu vice, que se articula para apagar a imagem de que o governo \u00e9 conivente com o desmatamento. Mour\u00e3o viaja nesta semana para o Amazonas, acompanhado de v\u00e1rios embaixadores estrangeiros. Quer mostrar as a\u00e7\u00f5es feitas pelo governo para o combate \u00e0s queimadas.<\/p>\n<p>&nbsp;<\/p>\n<p><em>Bras\u00edlia, 12h27min<\/em><\/p>\n","protected":false},"excerpt":{"rendered":"<p>RENATO SOUZA Militares do alto escal\u00e3o das For\u00e7as Armadas avaliam que o presidente Jair Bolsonaro n\u00e3o tem outra op\u00e7\u00e3o a n\u00e3o ser a de comprar a vacina produzida em parceria entre a China e o Instituto Butantan, caso ela seja a primeira a ser aprovada pela Ag\u00eancia Nacional de Vigil\u00e2ncia Sanit\u00e1ria (Anvisa). As declara\u00e7\u00f5es do [&hellip;]<\/p>\n","protected":false},"author":22,"featured_media":14290,"comment_status":"open","ping_status":"closed","sticky":false,"template":"","format":"standard","meta":{"footnotes":""},"categories":[600],"tags":[5017,5016,589,1592,4954,2498,579],"class_list":["post-16400","post","type-post","status-publish","format-standard","has-post-thumbnail","hentry","category-economia","tag-avaliam-militares","tag-bolsonaro-nao-tem-opcao-e-vai-comprar-a-vacina-chinesa","tag-economia","tag-forcas-armadas","tag-internacional","tag-policia","tag-saude"],"_links":{"self":[{"href":"https:\/\/blogs.correiobraziliense.com.br\/vicente\/wp-json\/wp\/v2\/posts\/16400","targetHints":{"allow":["GET"]}}],"collection":[{"href":"https:\/\/blogs.correiobraziliense.com.br\/vicente\/wp-json\/wp\/v2\/posts"}],"about":[{"href":"https:\/\/blogs.correiobraziliense.com.br\/vicente\/wp-json\/wp\/v2\/types\/post"}],"author":[{"embeddable":true,"href":"https:\/\/blogs.correiobraziliense.com.br\/vicente\/wp-json\/wp\/v2\/users\/22"}],"replies":[{"embeddable":true,"href":"https:\/\/blogs.correiobraziliense.com.br\/vicente\/wp-json\/wp\/v2\/comments?post=16400"}],"version-history":[{"count":1,"href":"https:\/\/blogs.correiobraziliense.com.br\/vicente\/wp-json\/wp\/v2\/posts\/16400\/revisions"}],"predecessor-version":[{"id":16407,"href":"https:\/\/blogs.correiobraziliense.com.br\/vicente\/wp-json\/wp\/v2\/posts\/16400\/revisions\/16407"}],"wp:featuredmedia":[{"embeddable":true,"href":"https:\/\/blogs.correiobraziliense.com.br\/vicente\/wp-json\/wp\/v2\/media\/14290"}],"wp:attachment":[{"href":"https:\/\/blogs.correiobraziliense.com.br\/vicente\/wp-json\/wp\/v2\/media?parent=16400"}],"wp:term":[{"taxonomy":"category","embeddable":true,"href":"https:\/\/blogs.correiobraziliense.com.br\/vicente\/wp-json\/wp\/v2\/categories?post=16400"},{"taxonomy":"post_tag","embeddable":true,"href":"https:\/\/blogs.correiobraziliense.com.br\/vicente\/wp-json\/wp\/v2\/tags?post=16400"}],"curies":[{"name":"wp","href":"https:\/\/api.w.org\/{rel}","templated":true}]}}