{"id":16395,"date":"2020-11-02T20:31:36","date_gmt":"2020-11-02T23:31:36","guid":{"rendered":"https:\/\/blogs.correiobraziliense.com.br\/vicente\/?p=16395"},"modified":"2020-11-02T21:03:34","modified_gmt":"2020-11-03T00:03:34","slug":"bolsonaro-quer-ser-o-primeiro-chefe-de-governo-estrangeiro-a-dar-parabens-a-trump-por-reeleicao","status":"publish","type":"post","link":"https:\/\/blogs.correiobraziliense.com.br\/vicente\/bolsonaro-quer-ser-o-primeiro-chefe-de-governo-estrangeiro-a-dar-parabens-a-trump-por-reeleicao\/","title":{"rendered":"Bolsonaro quer ser o primeiro chefe de governo estrangeiro a dar parab\u00e9ns a Trump por reelei\u00e7\u00e3o"},"content":{"rendered":"<h2>O presidente Jair Bolsonaro j\u00e1 orientou os assessores a prepararem os rapap\u00e9s para acompanhar, no Pal\u00e1cio da Alvorada, a apura\u00e7\u00e3o das elei\u00e7\u00f5es nos Estados Unidos na noite desta ter\u00e7a-feira (03\/11). O brasileiro quer ser o primeiro chefe de governo estrangeiro a dar parab\u00e9ns a Donald Trump pela reelei\u00e7\u00e3o.<\/h2>\n<p>&nbsp;<\/p>\n<p>Bolsonaro acredita que Trump vai surpreender, como ocorreu em 2016, e sair vitorioso da disputa. Nos \u00faltimos dias, a vantagem do candidato democrata Joe Biden sobre o republicano Trump diminuiu bastante, segundo as pesquisas, sobretudo nos estados considerados estrat\u00e9gicos, como a Fl\u00f3rida e a Pensilv\u00e2nia.<\/p>\n<p>&nbsp;<\/p>\n<p>O presidente brasileiro, por sinal, j\u00e1 enviou uma s\u00e9rie de mensagens a Trump ressaltando a sua confian\u00e7a na reelei\u00e7\u00e3o, que, no entender de Bolsonaro, &#8220;ser\u00e1 o melhor para os Estados Unidos e para o mundo&#8221;. Os dois presidentes defendem uma pauta conservadora e negacionista.<\/p>\n<p>&nbsp;<\/p>\n<p><strong>Articula\u00e7\u00e3o no caso de Biden vencer\u00a0<\/strong><\/p>\n<p>&nbsp;<\/p>\n<p>O governo brasileiro, no entanto, est\u00e1 se articulando para o caso de Biden confirmar as pesquisas e vencer as elei\u00e7\u00f5es. O democrata j\u00e1 passou v\u00e1rios recados ao Brasil, sobretudo no que se refere \u00e0s quest\u00f5es ambientais. Ele deve cobrar a\u00e7\u00f5es mais concretas de Bolsonaro para conter as queimadas na Amaz\u00f4nia.<\/p>\n<p>&nbsp;<\/p>\n<p>Com Biden no comando dos Estados Unidos, o risco de isolamento do Brasil \u00e9 grande. O democrata n\u00e3o compartilha da postura de Bolsonaro, que nega a ci\u00eancia e defende uma agenda retr\u00f3grada em quest\u00f5es ligadas a direitos humanos.<\/p>\n<p>&nbsp;<\/p>\n<p>Bolsonaro, por sinal, deve permanecer em Bras\u00edlia at\u00e9 quinta-feira (05\/11), quando dever\u00e1 viajar para Florian\u00f3polis para participar de um evento promovido pela Pol\u00edcia Federal. O presidente passou o feriado prolongado de Finados em Guaruj\u00e1. A primeira-dama, Michele, ficou em Bras\u00edlia.<\/p>\n<p>&nbsp;<\/p>\n<p><em>Bras\u00edlia, 20h31min<\/em><\/p>\n","protected":false},"excerpt":{"rendered":"<p>O presidente Jair Bolsonaro j\u00e1 orientou os assessores a prepararem os rapap\u00e9s para acompanhar, no Pal\u00e1cio da Alvorada, a apura\u00e7\u00e3o das elei\u00e7\u00f5es nos Estados Unidos na noite desta ter\u00e7a-feira (03\/11). O brasileiro quer ser o primeiro chefe de governo estrangeiro a dar parab\u00e9ns a Donald Trump pela reelei\u00e7\u00e3o. &nbsp; Bolsonaro acredita que Trump vai surpreender, [&hellip;]<\/p>\n","protected":false},"author":22,"featured_media":11969,"comment_status":"open","ping_status":"closed","sticky":false,"template":"","format":"standard","meta":{"footnotes":""},"categories":[600],"tags":[5012,589,4954,622,2787],"class_list":["post-16395","post","type-post","status-publish","format-standard","has-post-thumbnail","hentry","category-economia","tag-bolsonaro-quer-ser-o-primeiro-chefe-de-governo-estrangeiro-a-dar-parabens-a-trump-por-reeleicao","tag-economia","tag-internacional","tag-mundo","tag-politica"],"_links":{"self":[{"href":"https:\/\/blogs.correiobraziliense.com.br\/vicente\/wp-json\/wp\/v2\/posts\/16395","targetHints":{"allow":["GET"]}}],"collection":[{"href":"https:\/\/blogs.correiobraziliense.com.br\/vicente\/wp-json\/wp\/v2\/posts"}],"about":[{"href":"https:\/\/blogs.correiobraziliense.com.br\/vicente\/wp-json\/wp\/v2\/types\/post"}],"author":[{"embeddable":true,"href":"https:\/\/blogs.correiobraziliense.com.br\/vicente\/wp-json\/wp\/v2\/users\/22"}],"replies":[{"embeddable":true,"href":"https:\/\/blogs.correiobraziliense.com.br\/vicente\/wp-json\/wp\/v2\/comments?post=16395"}],"version-history":[{"count":2,"href":"https:\/\/blogs.correiobraziliense.com.br\/vicente\/wp-json\/wp\/v2\/posts\/16395\/revisions"}],"predecessor-version":[{"id":16397,"href":"https:\/\/blogs.correiobraziliense.com.br\/vicente\/wp-json\/wp\/v2\/posts\/16395\/revisions\/16397"}],"wp:featuredmedia":[{"embeddable":true,"href":"https:\/\/blogs.correiobraziliense.com.br\/vicente\/wp-json\/wp\/v2\/media\/11969"}],"wp:attachment":[{"href":"https:\/\/blogs.correiobraziliense.com.br\/vicente\/wp-json\/wp\/v2\/media?parent=16395"}],"wp:term":[{"taxonomy":"category","embeddable":true,"href":"https:\/\/blogs.correiobraziliense.com.br\/vicente\/wp-json\/wp\/v2\/categories?post=16395"},{"taxonomy":"post_tag","embeddable":true,"href":"https:\/\/blogs.correiobraziliense.com.br\/vicente\/wp-json\/wp\/v2\/tags?post=16395"}],"curies":[{"name":"wp","href":"https:\/\/api.w.org\/{rel}","templated":true}]}}