{"id":16381,"date":"2020-11-02T18:04:11","date_gmt":"2020-11-02T21:04:11","guid":{"rendered":"https:\/\/blogs.correiobraziliense.com.br\/vicente\/?p=16381"},"modified":"2020-11-03T13:06:45","modified_gmt":"2020-11-03T16:06:45","slug":"wells-fargo-biden-continua-na-dianteira-na-corrida-para-a-casa-branca","status":"publish","type":"post","link":"https:\/\/blogs.correiobraziliense.com.br\/vicente\/wells-fargo-biden-continua-na-dianteira-na-corrida-para-a-casa-branca\/","title":{"rendered":"Wells Fargo: Biden continua na dianteira na corrida para a Casa Branca"},"content":{"rendered":"<p>ROSANA HESSEL<\/p>\n<p>&nbsp;<\/p>\n<p>O candidato democrata Joe Biden permanece na dianteira para na corrida para a presid\u00eancia dos Estados Unidos, superando o presidente Donald Trump com ampla margem, na avalia\u00e7\u00e3o do economista Michael Pugliese, da Wells Fargo.<\/p>\n<p>&nbsp;<\/p>\n<p>&#8220;Com o dia da elei\u00e7\u00e3o finalmente chegando, Joe Biden permanece no banco do motorista na estrada para o controle da Casa Branca. A lideran\u00e7a de Biden nas pesquisas nacionais e nos principais estados do campo de batalha supera Hillary Clinton, no dia da elei\u00e7\u00e3o, em 2016.\u00a0Do jeito que as coisas est\u00e3o hoje, um erro de vota\u00e7\u00e3o quase do tamanho<br \/>\ndo que ocorreu em 2016, provavelmente, n\u00e3o seria suficiente para virar a elei\u00e7\u00e3o para Trump&#8221;, avaliou o analista da institui\u00e7\u00e3o financeira norte-americana com forte atua\u00e7\u00e3o no mercado de cr\u00e9dito em coment\u00e1rio especial enviado aos clientes. Entre as principais d\u00favidas, est\u00e1 o resultado dos votos enviados pelo correio, segundo ele.<\/p>\n<p>&nbsp;<\/p>\n<p>A an\u00e1lise tem como base a m\u00e9dia das pesquisas nacionais da Real Clear Politics e, nela, Pugliese ressaltou que Biden est\u00e1 6,5 pontos \u00e0 frente de Trump, cerca de meio ponto melhor do que sua posi\u00e7\u00e3o na \u00faltima atualiza\u00e7\u00e3o. &#8220;Isso \u00e9 quase o dobro da lideran\u00e7a de Hillary, no dia da elei\u00e7\u00e3o de 2016, e est\u00e1 um pouco atr\u00e1s da vantagem nas pesquisas de 7,6 pontos de Barack Obama, no dia das elei\u00e7\u00f5es de 2008&#8221;, comparou. &#8220;Como j\u00e1 observamos em relat\u00f3rios anteriores, a estabilidade das pesquisas nacionais em 2020\u00a0foi not\u00e1vel. A lideran\u00e7a de Biden nas pesquisas nacionais ao longo de 2020 tem se mantido est\u00e1vel na faixa de seis pontos de vantagem&#8221;,\u00a0 complementou.<\/p>\n<p>&nbsp;<\/p>\n<p>O economista destacou ainda que o controle do Senado dos EUA, atualmente republicano, parece mais incerto. &#8220;Mas aqui tamb\u00e9m os mercados de apostas e a maioria dos principais analistas pol\u00edticos favorecem os democratas em rela\u00e7\u00e3o aos republicanos&#8221;, completou.<\/p>\n","protected":false},"excerpt":{"rendered":"<p>ROSANA HESSEL &nbsp; O candidato democrata Joe Biden permanece na dianteira para na corrida para a presid\u00eancia dos Estados Unidos, superando o presidente Donald Trump com ampla margem, na avalia\u00e7\u00e3o do economista Michael Pugliese, da Wells Fargo. &nbsp; &#8220;Com o dia da elei\u00e7\u00e3o finalmente chegando, Joe Biden permanece no banco do motorista na estrada para [&hellip;]<\/p>\n","protected":false},"author":22,"featured_media":0,"comment_status":"open","ping_status":"closed","sticky":false,"template":"","format":"standard","meta":{"footnotes":""},"categories":[600],"tags":[623,1433,4861,465,5011],"class_list":["post-16381","post","type-post","status-publish","format-standard","hentry","category-economia","tag-donald-trump","tag-eleicoes-americanas","tag-joe-biden","tag-pesquisa","tag-wells-fargo"],"_links":{"self":[{"href":"https:\/\/blogs.correiobraziliense.com.br\/vicente\/wp-json\/wp\/v2\/posts\/16381","targetHints":{"allow":["GET"]}}],"collection":[{"href":"https:\/\/blogs.correiobraziliense.com.br\/vicente\/wp-json\/wp\/v2\/posts"}],"about":[{"href":"https:\/\/blogs.correiobraziliense.com.br\/vicente\/wp-json\/wp\/v2\/types\/post"}],"author":[{"embeddable":true,"href":"https:\/\/blogs.correiobraziliense.com.br\/vicente\/wp-json\/wp\/v2\/users\/22"}],"replies":[{"embeddable":true,"href":"https:\/\/blogs.correiobraziliense.com.br\/vicente\/wp-json\/wp\/v2\/comments?post=16381"}],"version-history":[{"count":14,"href":"https:\/\/blogs.correiobraziliense.com.br\/vicente\/wp-json\/wp\/v2\/posts\/16381\/revisions"}],"predecessor-version":[{"id":16403,"href":"https:\/\/blogs.correiobraziliense.com.br\/vicente\/wp-json\/wp\/v2\/posts\/16381\/revisions\/16403"}],"wp:attachment":[{"href":"https:\/\/blogs.correiobraziliense.com.br\/vicente\/wp-json\/wp\/v2\/media?parent=16381"}],"wp:term":[{"taxonomy":"category","embeddable":true,"href":"https:\/\/blogs.correiobraziliense.com.br\/vicente\/wp-json\/wp\/v2\/categories?post=16381"},{"taxonomy":"post_tag","embeddable":true,"href":"https:\/\/blogs.correiobraziliense.com.br\/vicente\/wp-json\/wp\/v2\/tags?post=16381"}],"curies":[{"name":"wp","href":"https:\/\/api.w.org\/{rel}","templated":true}]}}