{"id":16369,"date":"2020-10-29T12:16:09","date_gmt":"2020-10-29T15:16:09","guid":{"rendered":"https:\/\/blogs.correiobraziliense.com.br\/vicente\/?p=16369"},"modified":"2020-10-29T12:17:22","modified_gmt":"2020-10-29T15:17:22","slug":"o-mercado-imobiliario-coleciona-indicadores-positivos","status":"publish","type":"post","link":"https:\/\/blogs.correiobraziliense.com.br\/vicente\/o-mercado-imobiliario-coleciona-indicadores-positivos\/","title":{"rendered":"Mercado imobili\u00e1rio coleciona indicadores positivos"},"content":{"rendered":"<h3>Coluna Mercado S\/A (por Amauri Segalla)<\/h3>\n<p>O mercado imobili\u00e1rio brasileiro tem colecionado uma s\u00e9rie de indicadores positivos. Segundo a Associa\u00e7\u00e3o Brasileira de Incorporadoras Imobili\u00e1rias (Abrainc), em julho as vendas cresceram 25% em rela\u00e7\u00e3o ao mesmo m\u00eas do ano passado \u2013\u2013 quando, ressalte-se, n\u00e3o havia sinais da pandemia e a confian\u00e7a dos brasileiros estava em alta. Outro estudo, desta vez da C\u00e2mara Brasileira da Ind\u00fastria da Constru\u00e7\u00e3o, constatou que 40% dos consumidores pretendem comprar um im\u00f3vel nos pr\u00f3ximos dois anos. N\u00e3o \u00e9 s\u00f3. Em setembro, o cr\u00e9dito imobili\u00e1rio com recursos do Sistema Brasileiro de Poupan\u00e7a e Empr\u00e9stimo (SBPE) chegou a R$ 12,9 bilh\u00f5es, o que representa uma disparada de 70% diante de igual per\u00edodo de 2019. Foi o maior avan\u00e7o da hist\u00f3ria. Como n\u00e3o poderia deixar de ser, a confian\u00e7a dos protagonistas do setor est\u00e1 alta. Outra pesquisa da Abrainc mostrou que 88% dos empres\u00e1rios acreditam no aumento das vendas nos pr\u00f3ximos 12 meses.<\/p>\n<p><strong>Empresa lan\u00e7a rede 5G port\u00e1til<\/strong><\/p>\n<p>Os embates entre empresas de diversas partes do mundo pela lideran\u00e7a nos projetos da rede 5G levaram a americana FreedomFi a imaginar uma alternativa que independesse das decis\u00f5es do governos. E ela veio. A companhia desenvolveu um sistema que permite instalar, em smartphones ou computadores, uma rede operacional 5G. A ideia \u00e9 ousada, mas cara: por enquanto, o acesso ao programa da FreedomFi custa cerca de US$ 5 mil (aproximadamente R$ 29 mil).<\/p>\n<p><strong>PEC abre caminho para a Rumo<\/strong><\/p>\n<p>A Assembleia Legislativa do Mato Grosso aprovou, na \u00faltima ter\u00e7a-feira, a PEC (Proposta de Emenda Constitucional) 16\/20, que autoriza o governo estadual a construir e explorar de forma direta a malha ferrovi\u00e1ria no Estado, al\u00e9m de participar de outros projetos de infraestrutura. Entre as diversas mudan\u00e7as, a iniciativa abre caminho para o estabelecimento de projetos como a extens\u00e3o da malha da companhia de log\u00edstica Rumo em dire\u00e7\u00e3o ao norte do Mato Grosso.<\/p>\n<p><strong>Segunda onda empareda governos<\/strong><\/p>\n<p>A queda de 4,22% do Ibovespa ontem, a pior desde abril, lan\u00e7a d\u00favidas sobre a capacidade de as economias suportarem mais lockdowns. A segunda onda da covid-19 chega com for\u00e7a \u00e0 Europa e empareda os governos: se fecharem tudo, a crise econ\u00f4mica pode se agravar. Se as autoridades n\u00e3o forem rigorosas para controlar a circula\u00e7\u00e3o de pessoas, h\u00e1 o risco de o coronav\u00edrus avan\u00e7ar. De todo modo, cada vez mais o mundo depende da vacina para voltar \u00e0 normalidade. Sem ela, o futuro ser\u00e1 sombrio e incerto.<\/p>\n<p><strong>Rapidinhas<\/strong><\/p>\n<p>Milton Rego, presidente-executivo da Associa\u00e7\u00e3o Brasileira do Alum\u00ednio (Abal), garante que n\u00e3o h\u00e1 falta do insumo no mercado brasileiro. \u201cA ind\u00fastria n\u00e3o parou de produzir na pandemia e o suprimento est\u00e1 normal\u201d, diz o executivo. \u201cDevemos fechar o ano com ligeiro aumento na produ\u00e7\u00e3o de alum\u00ednio prim\u00e1rio e, ao mesmo tempo, com uma queda ao redor de 7% no consumo dom\u00e9stico\u201d.<\/p>\n<p>Segundo o executivo, o desabastecimento de produtos de alum\u00ednio na constru\u00e7\u00e3o civil e em outros setores \u00e9 pontual e se deve a duas raz\u00f5es: \u201cUma retomada econ\u00f4mica mais r\u00e1pida do que o previsto e o desbalanceamento moment\u00e2neo dos estoques ao longo da cadeia\u201d.<br \/>\nEle diz que a situa\u00e7\u00e3o dever\u00e1 ser normalizada at\u00e9 o final de novembro.<\/p>\n<p>O \u00cdndice de Confian\u00e7a da Ind\u00fastria medido pela Funda\u00e7\u00e3o Getulio Vargas alcan\u00e7ou em outubro o maior n\u00edvel desde 2011. O otimismo \u00e9 notado especialmente entre os exportadores, beneficiados pela valoriza\u00e7\u00e3o do d\u00f3lar. Resta saber se os patamares elevados ser\u00e3o mantidos nos pr\u00f3ximos meses.<\/p>\n<p>O varejo come\u00e7a a se preocupar com 2021. \u00c9 consenso entre as empresas do setor que o bom desempenho em 2020 se deve em boa medida ao aux\u00edlio emergencial. N\u00e3o custa lembrar: o programa de socorro j\u00e1 adicionou R$ 250 bilh\u00f5es \u00e0 economia. Se esses recursos sumirem, haver\u00e1 uma<br \/>\nqueda abrupta do consumo.<\/p>\n","protected":false},"excerpt":{"rendered":"<p>Segundo a Associa\u00e7\u00e3o Brasileira de Incorporadoras Imobili\u00e1rias (Abrainc), em julho as vendas cresceram 25% em rela\u00e7\u00e3o ao mesmo m\u00eas do ano passado<\/p>\n","protected":false},"author":22,"featured_media":16370,"comment_status":"open","ping_status":"closed","sticky":false,"template":"","format":"standard","meta":{"footnotes":""},"categories":[1],"tags":[5006,3053,5005,1342],"class_list":["post-16369","post","type-post","status-publish","format-standard","has-post-thumbnail","hentry","category-sem-categoria","tag-5g","tag-ibovespa","tag-mercado-imobiliario","tag-varejo"],"_links":{"self":[{"href":"https:\/\/blogs.correiobraziliense.com.br\/vicente\/wp-json\/wp\/v2\/posts\/16369","targetHints":{"allow":["GET"]}}],"collection":[{"href":"https:\/\/blogs.correiobraziliense.com.br\/vicente\/wp-json\/wp\/v2\/posts"}],"about":[{"href":"https:\/\/blogs.correiobraziliense.com.br\/vicente\/wp-json\/wp\/v2\/types\/post"}],"author":[{"embeddable":true,"href":"https:\/\/blogs.correiobraziliense.com.br\/vicente\/wp-json\/wp\/v2\/users\/22"}],"replies":[{"embeddable":true,"href":"https:\/\/blogs.correiobraziliense.com.br\/vicente\/wp-json\/wp\/v2\/comments?post=16369"}],"version-history":[{"count":2,"href":"https:\/\/blogs.correiobraziliense.com.br\/vicente\/wp-json\/wp\/v2\/posts\/16369\/revisions"}],"predecessor-version":[{"id":16372,"href":"https:\/\/blogs.correiobraziliense.com.br\/vicente\/wp-json\/wp\/v2\/posts\/16369\/revisions\/16372"}],"wp:featuredmedia":[{"embeddable":true,"href":"https:\/\/blogs.correiobraziliense.com.br\/vicente\/wp-json\/wp\/v2\/media\/16370"}],"wp:attachment":[{"href":"https:\/\/blogs.correiobraziliense.com.br\/vicente\/wp-json\/wp\/v2\/media?parent=16369"}],"wp:term":[{"taxonomy":"category","embeddable":true,"href":"https:\/\/blogs.correiobraziliense.com.br\/vicente\/wp-json\/wp\/v2\/categories?post=16369"},{"taxonomy":"post_tag","embeddable":true,"href":"https:\/\/blogs.correiobraziliense.com.br\/vicente\/wp-json\/wp\/v2\/tags?post=16369"}],"curies":[{"name":"wp","href":"https:\/\/api.w.org\/{rel}","templated":true}]}}