{"id":16364,"date":"2020-10-28T11:01:39","date_gmt":"2020-10-28T14:01:39","guid":{"rendered":"https:\/\/blogs.correiobraziliense.com.br\/vicente\/?p=16364"},"modified":"2020-10-28T11:43:37","modified_gmt":"2020-10-28T14:43:37","slug":"euro-para-turistas-passa-de-r-7-e-dolar-supera-os-r-6","status":"publish","type":"post","link":"https:\/\/blogs.correiobraziliense.com.br\/vicente\/euro-para-turistas-passa-de-r-7-e-dolar-supera-os-r-6\/","title":{"rendered":"Euro para turistas passa de R$ 7 e d\u00f3lar supera os R$ 6"},"content":{"rendered":"<h2>A Europa continua praticamente fechada aos turistas brasileiros, por causa da pandemia do novo coronav\u00edrus, mas, quando for reaberta, o sonho de visitar o Velho Continente estar\u00e1 mais distante.<\/h2>\n<p>&nbsp;<\/p>\n<p>Com a onda de desconfian\u00e7a que varre o Brasil, o real est\u00e1 derretendo e a cota\u00e7\u00e3o do euro para turistas passou dos R$ 7 nesta quarta-feira (28\/12). A moeda europeia est\u00e1 sendo negociada, em m\u00e9dia, a R$ 7,058, com alta de 0,3%.<\/p>\n<p>&nbsp;<\/p>\n<p>H\u00e1 uma fuga maci\u00e7a de recursos estrangeiros do pa\u00eds. A percep\u00e7\u00e3o \u00e9 de que o Brasil est\u00e1 entrando num caminho sem volta de calote da d\u00edvida p\u00fablica, que caminha para 100% do Produto Interno Bruto (PIB). Os estrangeiros, que chegaram a ter 20% dos pap\u00e9is emitidos pelos Tesouro, hoje respondem por menos de 9%.<\/p>\n<p>&nbsp;<\/p>\n<p>Nesse clima de desconfian\u00e7a, tamb\u00e9m aqueles que pretendem, futuramente, visitar os Estados Unidos ter\u00e3o que rever os planos. O d\u00f3lar est\u00e1 em disparada e j\u00e1 \u00e9 vendido acima de R$ 6 para os turistas. Vale, agora, R$ 6,005, com valoriza\u00e7\u00e3o de 1,15% apenas nesta quarta.<\/p>\n<p>&nbsp;<\/p>\n<p>Enquanto o governo n\u00e3o der um sinal claro aos investidores de que realmente est\u00e1 disposto a equacionar a situa\u00e7\u00e3o fiscal, o capital estrangeiro continuar\u00e1 fugindo do Brasil. Num quadro de escassez de recursos externos, d\u00f3lar e euro permanecer\u00e3o apontando para cima. E viajar o exterior continuar\u00e1 sendo apenas um sonho para muitos.<\/p>\n<p>&nbsp;<\/p>\n<p><em>Bras\u00edlia, 11h01min<\/em><\/p>\n","protected":false},"excerpt":{"rendered":"<p>A Europa continua praticamente fechada aos turistas brasileiros, por causa da pandemia do novo coronav\u00edrus, mas, quando for reaberta, o sonho de visitar o Velho Continente estar\u00e1 mais distante. &nbsp; Com a onda de desconfian\u00e7a que varre o Brasil, o real est\u00e1 derretendo e a cota\u00e7\u00e3o do euro para turistas passou dos R$ 7 nesta [&hellip;]<\/p>\n","protected":false},"author":22,"featured_media":11588,"comment_status":"open","ping_status":"closed","sticky":false,"template":"","format":"standard","meta":{"footnotes":""},"categories":[600],"tags":[589,4943,5002],"class_list":["post-16364","post","type-post","status-publish","format-standard","has-post-thumbnail","hentry","category-economia","tag-economia","tag-financas","tag-precos-do-dolar-e-do-euro-disparam"],"_links":{"self":[{"href":"https:\/\/blogs.correiobraziliense.com.br\/vicente\/wp-json\/wp\/v2\/posts\/16364","targetHints":{"allow":["GET"]}}],"collection":[{"href":"https:\/\/blogs.correiobraziliense.com.br\/vicente\/wp-json\/wp\/v2\/posts"}],"about":[{"href":"https:\/\/blogs.correiobraziliense.com.br\/vicente\/wp-json\/wp\/v2\/types\/post"}],"author":[{"embeddable":true,"href":"https:\/\/blogs.correiobraziliense.com.br\/vicente\/wp-json\/wp\/v2\/users\/22"}],"replies":[{"embeddable":true,"href":"https:\/\/blogs.correiobraziliense.com.br\/vicente\/wp-json\/wp\/v2\/comments?post=16364"}],"version-history":[{"count":1,"href":"https:\/\/blogs.correiobraziliense.com.br\/vicente\/wp-json\/wp\/v2\/posts\/16364\/revisions"}],"predecessor-version":[{"id":16365,"href":"https:\/\/blogs.correiobraziliense.com.br\/vicente\/wp-json\/wp\/v2\/posts\/16364\/revisions\/16365"}],"wp:featuredmedia":[{"embeddable":true,"href":"https:\/\/blogs.correiobraziliense.com.br\/vicente\/wp-json\/wp\/v2\/media\/11588"}],"wp:attachment":[{"href":"https:\/\/blogs.correiobraziliense.com.br\/vicente\/wp-json\/wp\/v2\/media?parent=16364"}],"wp:term":[{"taxonomy":"category","embeddable":true,"href":"https:\/\/blogs.correiobraziliense.com.br\/vicente\/wp-json\/wp\/v2\/categories?post=16364"},{"taxonomy":"post_tag","embeddable":true,"href":"https:\/\/blogs.correiobraziliense.com.br\/vicente\/wp-json\/wp\/v2\/tags?post=16364"}],"curies":[{"name":"wp","href":"https:\/\/api.w.org\/{rel}","templated":true}]}}