{"id":16362,"date":"2020-10-27T13:54:39","date_gmt":"2020-10-27T16:54:39","guid":{"rendered":"https:\/\/blogs.correiobraziliense.com.br\/vicente\/?p=16362"},"modified":"2020-10-27T14:35:43","modified_gmt":"2020-10-27T17:35:43","slug":"o-banco-central-tera-coragem-de-enfrentar-bolsonaro-e-subir-juros","status":"publish","type":"post","link":"https:\/\/blogs.correiobraziliense.com.br\/vicente\/o-banco-central-tera-coragem-de-enfrentar-bolsonaro-e-subir-juros\/","title":{"rendered":"O Banco Central ter\u00e1 coragem de enfrentar Bolsonaro e subir juros?"},"content":{"rendered":"<h2>Nao foram poucas as vezes em que o presidente Jair Bolsonaro revelou sua satisfa\u00e7\u00e3o diante da disposi\u00e7\u00e3o do Banco Central em cortar os juros. Recentemente, ele n\u00e3o se furtou em opinar que a taxa b\u00e1sica (Selic) deveria cair abaixo dos atuais 2% ao ano para estimular a economia.<\/h2>\n<p>&nbsp;<\/p>\n<p>Diante de tais manifesta\u00e7\u00f5es, integrantes da equipe econ\u00f4mica come\u00e7am a se perguntar: o Banco Central ter\u00e1 coragem de aumentar os juros e enfrentar Bolsonaro? Para a equipe do ministro da Economia, Paulo Guedes, o embate entre o BC e o presidente da Rep\u00fablica j\u00e1 est\u00e1 marcado. Com a infla\u00e7\u00e3o em alta e as contas p\u00fablicas em frangalhos, n\u00e3o restar\u00e1 ao BC outra alternativa que n\u00e3o seja a de apertar a pol\u00edtica monet\u00e1ria.<\/p>\n<p>&nbsp;<\/p>\n<p>A d\u00favida no Minist\u00e9rio da Economia \u00e9 a mesma do mercado: se o Comit\u00ea de Pol\u00edtica Monet\u00e1ria (Copom), que se re\u00fane nesta ter\u00e7a e na quarta (27 e 28\/10), antecipar\u00e1 a alta dos juros, criando ru\u00eddos com o Pal\u00e1cio do Planalto. Bolsonaro est\u00e1 mergulhado at\u00e9 o pesco\u00e7o na campanha pela reelei\u00e7\u00e3o. E n\u00e3o quer dar muni\u00e7\u00e3o aos advers\u00e1rios, sobretudo ao governador de S\u00e3o Paulo, Jo\u00e3o D\u00f3ria, com quem est\u00e1 em p\u00e9 de guerra.<\/p>\n<p>&nbsp;<\/p>\n<p><b>Proje\u00e7\u00f5es apontam para alta dos juros em dezembro<\/b><\/p>\n<p>&nbsp;<\/p>\n<p>Pelas proje\u00e7\u00f5es do Banco Haitong, 72% dos analistas apostam em aumento de 0,25 ponto percentual na taxa Selic em dezembro e 52% \u00a0projetam eleva\u00e7\u00e3o de 0,25 ponto em janeiro. Outros 48% j\u00e1 trabalham com alta de 0,50 ponto nos juros no primeiro ano de 2021. Ou seja, o arrocho monet\u00e1rio est\u00e1 mais pr\u00f3ximo do que nunca.<\/p>\n<p>&nbsp;<\/p>\n<p>A percep\u00e7\u00e3o do mercado de que o Copom aumentar\u00e1 os juros consolidou-se depois da divulga\u00e7\u00e3o da pr\u00e9via da infla\u00e7\u00e3o de outubro, com alta de 0,94% do IPCA-15, a maior para o m\u00eas desde 1995. Com isso, os analistas ouvidos pela pesquisa Focus, do BC, elevaram as estimativas para o custo de vida de 2,65% para 2,99% em 2020 e de 3,02% para 3,10% em 2021.<\/p>\n<p>&nbsp;<\/p>\n<p>Em ambos os casos, as expectativas est\u00e3o abaixo das metas de infla\u00e7\u00e3o, de 4% e de 3,75%, respectivamente. Mas j\u00e1 se consolida o consenso de que a carestia vai al\u00e9m dos pre\u00e7os dos alimentos. A alta desses produtos vinha sendo apontada com tempor\u00e1ria. Agora, os reajustes est\u00e3o mais disseminados.<\/p>\n<p>&nbsp;<\/p>\n<p>N\u00e3o por acaso, todas as aten\u00e7\u00f5es est\u00e3o voltadas para o comunicado do Copom ap\u00f3s sua reuni\u00e3o. Boa parte dos analistas acredita que o BC mudar\u00e1 o discurso do seu forward guidance. O primeiro passo ser\u00e1 retirar do texto a possibilidade de cortes adicionais nos juros. Definitivamente, n\u00e3o h\u00e1 mais espa\u00e7o para isso.<\/p>\n<p>&nbsp;<\/p>\n<p>Outro ponto a ser considerado no poss\u00edvel embate entre Bolsonaro e o BC por causa de um eventual aumento dos juros \u00e9 o projeto que est\u00e1 no Congresso e prev\u00ea independ\u00eancia \u00e0 autoridade monet\u00e1ria. Se a proposta em discuss\u00e3o for aprovada, o presidente da Rep\u00fablica n\u00e3o poder\u00e1 mais demitir diretores do BC por livre e espont\u00e2nea vontade. Para o grande p\u00fablico, Bolsonaro se diz favor\u00e1vel ao projeto. Mas, pelo hist\u00f3rico, \u00e9 dif\u00edcil acreditar no chefe do Executivo. O que ele diz n\u00e3o pode ser levado muito a s\u00e9rio.<\/p>\n<p>&nbsp;<\/p>\n<p><i>Bras\u00edlia, 13h54min<\/i><\/p>\n","protected":false},"excerpt":{"rendered":"<p>Nao foram poucas as vezes em que o presidente Jair Bolsonaro revelou sua satisfa\u00e7\u00e3o diante da disposi\u00e7\u00e3o do Banco Central em cortar os juros. Recentemente, ele n\u00e3o se furtou em opinar que a taxa b\u00e1sica (Selic) deveria cair abaixo dos atuais 2% ao ano para estimular a economia. &nbsp; Diante de tais manifesta\u00e7\u00f5es, integrantes da [&hellip;]<\/p>\n","protected":false},"author":22,"featured_media":11454,"comment_status":"open","ping_status":"closed","sticky":false,"template":"","format":"standard","meta":{"footnotes":""},"categories":[600],"tags":[5001,589,5000,2787],"class_list":["post-16362","post","type-post","status-publish","format-standard","has-post-thumbnail","hentry","category-economia","tag-banco-central-tera-coragem-de-subir-juros-e-enfrentar-bolsonaro","tag-economia","tag-financa","tag-politica"],"_links":{"self":[{"href":"https:\/\/blogs.correiobraziliense.com.br\/vicente\/wp-json\/wp\/v2\/posts\/16362","targetHints":{"allow":["GET"]}}],"collection":[{"href":"https:\/\/blogs.correiobraziliense.com.br\/vicente\/wp-json\/wp\/v2\/posts"}],"about":[{"href":"https:\/\/blogs.correiobraziliense.com.br\/vicente\/wp-json\/wp\/v2\/types\/post"}],"author":[{"embeddable":true,"href":"https:\/\/blogs.correiobraziliense.com.br\/vicente\/wp-json\/wp\/v2\/users\/22"}],"replies":[{"embeddable":true,"href":"https:\/\/blogs.correiobraziliense.com.br\/vicente\/wp-json\/wp\/v2\/comments?post=16362"}],"version-history":[{"count":1,"href":"https:\/\/blogs.correiobraziliense.com.br\/vicente\/wp-json\/wp\/v2\/posts\/16362\/revisions"}],"predecessor-version":[{"id":16363,"href":"https:\/\/blogs.correiobraziliense.com.br\/vicente\/wp-json\/wp\/v2\/posts\/16362\/revisions\/16363"}],"wp:featuredmedia":[{"embeddable":true,"href":"https:\/\/blogs.correiobraziliense.com.br\/vicente\/wp-json\/wp\/v2\/media\/11454"}],"wp:attachment":[{"href":"https:\/\/blogs.correiobraziliense.com.br\/vicente\/wp-json\/wp\/v2\/media?parent=16362"}],"wp:term":[{"taxonomy":"category","embeddable":true,"href":"https:\/\/blogs.correiobraziliense.com.br\/vicente\/wp-json\/wp\/v2\/categories?post=16362"},{"taxonomy":"post_tag","embeddable":true,"href":"https:\/\/blogs.correiobraziliense.com.br\/vicente\/wp-json\/wp\/v2\/tags?post=16362"}],"curies":[{"name":"wp","href":"https:\/\/api.w.org\/{rel}","templated":true}]}}