{"id":16360,"date":"2020-10-27T11:31:46","date_gmt":"2020-10-27T14:31:46","guid":{"rendered":"https:\/\/blogs.correiobraziliense.com.br\/vicente\/?p=16360"},"modified":"2020-10-27T11:50:29","modified_gmt":"2020-10-27T14:50:29","slug":"60-dos-empresarios-brasileiros-preferem-a-reeleicao-de-trump-nos-eua","status":"publish","type":"post","link":"https:\/\/blogs.correiobraziliense.com.br\/vicente\/60-dos-empresarios-brasileiros-preferem-a-reeleicao-de-trump-nos-eua\/","title":{"rendered":"60% dos empres\u00e1rios brasileiros preferem a reelei\u00e7\u00e3o de Trump nos EUA"},"content":{"rendered":"<h2>AMAURI SEGALLA<\/h2>\n<h2><\/h2>\n<h2>Um grupo de WatsApp formado por 200 empres\u00e1rios de diversos setores fez uma pesquisa informal sobre a prefer\u00eancia dos participantes na elei\u00e7\u00e3o norte-americana. O atual presidente dos Estados Unidos, Donald Trump, ficou com 60% dos votos.\u00a0Apesar disso, os executivos brasileiros n\u00e3o acreditam que ele vencer\u00e1.<\/h2>\n<p>&nbsp;<\/p>\n<p>Para 70% dos integrantes do grupo, o democrata Joe Biden sair\u00e1 vitorioso do pleito. O setor produtivo teme que o eventual \u00eaxito de Biden prejudique as rela\u00e7\u00f5es entre Brasil e Estados Unidos.<\/p>\n<p>&nbsp;<\/p>\n<p><i>Bras\u00edlia, 11h31min<\/i><\/p>\n","protected":false},"excerpt":{"rendered":"<p>AMAURI SEGALLA Um grupo de WatsApp formado por 200 empres\u00e1rios de diversos setores fez uma pesquisa informal sobre a prefer\u00eancia dos participantes na elei\u00e7\u00e3o norte-americana. O atual presidente dos Estados Unidos, Donald Trump, ficou com 60% dos votos.\u00a0Apesar disso, os executivos brasileiros n\u00e3o acreditam que ele vencer\u00e1. &nbsp; Para 70% dos integrantes do grupo, o [&hellip;]<\/p>\n","protected":false},"author":22,"featured_media":11969,"comment_status":"open","ping_status":"closed","sticky":false,"template":"","format":"standard","meta":{"footnotes":""},"categories":[600],"tags":[589,4999,622,2787],"class_list":["post-16360","post","type-post","status-publish","format-standard","has-post-thumbnail","hentry","category-economia","tag-economia","tag-maioria-dos-empresarios-brasileiros-preferem-a-reeleicao-de-trump","tag-mundo","tag-politica"],"_links":{"self":[{"href":"https:\/\/blogs.correiobraziliense.com.br\/vicente\/wp-json\/wp\/v2\/posts\/16360","targetHints":{"allow":["GET"]}}],"collection":[{"href":"https:\/\/blogs.correiobraziliense.com.br\/vicente\/wp-json\/wp\/v2\/posts"}],"about":[{"href":"https:\/\/blogs.correiobraziliense.com.br\/vicente\/wp-json\/wp\/v2\/types\/post"}],"author":[{"embeddable":true,"href":"https:\/\/blogs.correiobraziliense.com.br\/vicente\/wp-json\/wp\/v2\/users\/22"}],"replies":[{"embeddable":true,"href":"https:\/\/blogs.correiobraziliense.com.br\/vicente\/wp-json\/wp\/v2\/comments?post=16360"}],"version-history":[{"count":1,"href":"https:\/\/blogs.correiobraziliense.com.br\/vicente\/wp-json\/wp\/v2\/posts\/16360\/revisions"}],"predecessor-version":[{"id":16361,"href":"https:\/\/blogs.correiobraziliense.com.br\/vicente\/wp-json\/wp\/v2\/posts\/16360\/revisions\/16361"}],"wp:featuredmedia":[{"embeddable":true,"href":"https:\/\/blogs.correiobraziliense.com.br\/vicente\/wp-json\/wp\/v2\/media\/11969"}],"wp:attachment":[{"href":"https:\/\/blogs.correiobraziliense.com.br\/vicente\/wp-json\/wp\/v2\/media?parent=16360"}],"wp:term":[{"taxonomy":"category","embeddable":true,"href":"https:\/\/blogs.correiobraziliense.com.br\/vicente\/wp-json\/wp\/v2\/categories?post=16360"},{"taxonomy":"post_tag","embeddable":true,"href":"https:\/\/blogs.correiobraziliense.com.br\/vicente\/wp-json\/wp\/v2\/tags?post=16360"}],"curies":[{"name":"wp","href":"https:\/\/api.w.org\/{rel}","templated":true}]}}