{"id":16352,"date":"2020-10-22T22:01:48","date_gmt":"2020-10-23T01:01:48","guid":{"rendered":"https:\/\/blogs.correiobraziliense.com.br\/vicente\/?p=16352"},"modified":"2020-10-23T09:45:33","modified_gmt":"2020-10-23T12:45:33","slug":"justica-da-15-dias-uteis-para-casal-deixar-mansao-no-lago-sul","status":"publish","type":"post","link":"https:\/\/blogs.correiobraziliense.com.br\/vicente\/justica-da-15-dias-uteis-para-casal-deixar-mansao-no-lago-sul\/","title":{"rendered":"Justi\u00e7a d\u00e1 15 dias \u00fateis para casal deixar mans\u00e3o no Lago Sul"},"content":{"rendered":"<h2>Em decis\u00e3o tomada nesta quinta-feira (22\/10), a Justi\u00e7a deu 15 dias \u00fateis, a contar a partir de sexta-feira (23\/10), para que <a href=\"https:\/\/blogs.correiobraziliense.com.br\/vicente\/mansao-do-lago-sul-e-invadida-por-casal-especialista-em-ocupar-imoveis-vazios\/\">o casal acusado de invadir mans\u00e3o na QL 18, Conjunto 4, do Lago Sul<\/a>, a regi\u00e3o mais nobre de Bras\u00edlia, deixe o im\u00f3vel. Rodrigo Dami\u00e3o Rodrigues da Silva, corretor imobili\u00e1rio, e Cristiane Machado dos Santos, advogada, poder\u00e3o recorrer da decis\u00e3o.<\/h2>\n<p>&nbsp;<\/p>\n<p>A Justi\u00e7a determinou a reintegra\u00e7\u00e3o de posse pelo herdeiro da resid\u00eancia, avaliada em mais de R$ 2 milh\u00f5es. Ricardo Lima Rodrigues Cunha alegou perante a ju\u00edza respons\u00e1vel pelo caso que o im\u00f3vel foi ocupado ilegalmente, j\u00e1 que n\u00e3o assinou nenhum contrato de venda ou aluguel. O casal n\u00e3o conseguiu comprovar que o neg\u00f3cio era legal.<\/p>\n<p>&nbsp;<\/p>\n<p>O herdeiro do im\u00f3vel s\u00f3 ficou sabendo da invas\u00e3o depois de finalizar um longo tratamento de sa\u00fade fora de Bras\u00edlia. Em junho deste ano, ele foi visitar a casa que os pais haviam lhe deixado, mas n\u00e3o conseguiu entrar. Todas as fechaduras tinham sido trocadas.<\/p>\n<p>&nbsp;<\/p>\n<p>Percebendo que havia gente na mans\u00e3o, ele pediu para falar com algu\u00e9m. Um homem apareceu e disse que tinha alugado o im\u00f3vel. O herdeiro questionou a informa\u00e7\u00e3o, pois disse que jamais autorizou o aluguel. Pediu, ent\u00e3o, a c\u00f3pia do contrato. O homem come\u00e7ou a dar sinais de nervosismo e, com medo de viol\u00eancia, o dono da mans\u00e3o foi embora.<\/p>\n<p>&nbsp;<\/p>\n<p>Segundo processo ao qual o <strong>Blog<\/strong> teve acesso, <a href=\"https:\/\/blogs.correiobraziliense.com.br\/vicente\/policia-civil-investiga-se-casal-acusado-de-invadir-mansao-no-lago-sul-tem-ligacao-com-grileiros\/\">o casal acusado de invas\u00e3o de propriedade j\u00e1 respondeu a tr\u00eas processos semelhantes<\/a>. Em todos, foi obrigado a desocupar as resid\u00eancias e a indenizar os verdadeiros propriet\u00e1rios. O casal tamb\u00e9m foi acusado de estelionato.<\/p>\n<p>&nbsp;<\/p>\n<p>Para Ricardo Cunha, a decis\u00e3o de Justi\u00e7a \u00e9 um alento, pois lhe foi garantido o direito de retomar o que \u00e9 seu. Ele acredita que a desocupa\u00e7\u00e3o da mans\u00e3o ser\u00e1 mantida, mesmo que o casal recorra. Durante o per\u00edodo de ocupa\u00e7\u00e3o, a <a href=\"https:\/\/blogs.correiobraziliense.com.br\/vicente\/rapper-hungria-diz-que-frequentou-mansao-invadida-no-lago-sul-a-convite-dos-ocupantes\/\">mans\u00e3o foi frequentada pelo rapper Hungria<\/a>. S\u00e3o comuns festas no im\u00f3vel, que tiram o sossego da vizinhan\u00e7a.<\/p>\n<p>&nbsp;<\/p>\n<p><em>Bras\u00edlia, 22h01min\u00a0<\/em><\/p>\n","protected":false},"excerpt":{"rendered":"<p>Em decis\u00e3o tomada nesta quinta-feira (22\/10), a Justi\u00e7a deu 15 dias \u00fateis, a contar a partir de sexta-feira (23\/10), para que o casal acusado de invadir mans\u00e3o na QL 18, Conjunto 4, do Lago Sul, a regi\u00e3o mais nobre de Bras\u00edlia, deixe o im\u00f3vel. Rodrigo Dami\u00e3o Rodrigues da Silva, corretor imobili\u00e1rio, e Cristiane Machado dos [&hellip;]<\/p>\n","protected":false},"author":22,"featured_media":15946,"comment_status":"open","ping_status":"closed","sticky":false,"template":"","format":"standard","meta":{"footnotes":""},"categories":[600],"tags":[3769,755,4997,2498],"class_list":["post-16352","post","type-post","status-publish","format-standard","has-post-thumbnail","hentry","category-economia","tag-cidades","tag-distrito-federal","tag-justica-da-15-dias-para-casal-acusado-de-invasao-desocupar-imovel-no-lago-sul","tag-policia"],"_links":{"self":[{"href":"https:\/\/blogs.correiobraziliense.com.br\/vicente\/wp-json\/wp\/v2\/posts\/16352","targetHints":{"allow":["GET"]}}],"collection":[{"href":"https:\/\/blogs.correiobraziliense.com.br\/vicente\/wp-json\/wp\/v2\/posts"}],"about":[{"href":"https:\/\/blogs.correiobraziliense.com.br\/vicente\/wp-json\/wp\/v2\/types\/post"}],"author":[{"embeddable":true,"href":"https:\/\/blogs.correiobraziliense.com.br\/vicente\/wp-json\/wp\/v2\/users\/22"}],"replies":[{"embeddable":true,"href":"https:\/\/blogs.correiobraziliense.com.br\/vicente\/wp-json\/wp\/v2\/comments?post=16352"}],"version-history":[{"count":2,"href":"https:\/\/blogs.correiobraziliense.com.br\/vicente\/wp-json\/wp\/v2\/posts\/16352\/revisions"}],"predecessor-version":[{"id":16354,"href":"https:\/\/blogs.correiobraziliense.com.br\/vicente\/wp-json\/wp\/v2\/posts\/16352\/revisions\/16354"}],"wp:featuredmedia":[{"embeddable":true,"href":"https:\/\/blogs.correiobraziliense.com.br\/vicente\/wp-json\/wp\/v2\/media\/15946"}],"wp:attachment":[{"href":"https:\/\/blogs.correiobraziliense.com.br\/vicente\/wp-json\/wp\/v2\/media?parent=16352"}],"wp:term":[{"taxonomy":"category","embeddable":true,"href":"https:\/\/blogs.correiobraziliense.com.br\/vicente\/wp-json\/wp\/v2\/categories?post=16352"},{"taxonomy":"post_tag","embeddable":true,"href":"https:\/\/blogs.correiobraziliense.com.br\/vicente\/wp-json\/wp\/v2\/tags?post=16352"}],"curies":[{"name":"wp","href":"https:\/\/api.w.org\/{rel}","templated":true}]}}