{"id":16350,"date":"2020-10-22T14:09:00","date_gmt":"2020-10-22T17:09:00","guid":{"rendered":"https:\/\/blogs.correiobraziliense.com.br\/vicente\/?p=16350"},"modified":"2020-10-22T14:45:58","modified_gmt":"2020-10-22T17:45:58","slug":"oba-hortifruti-lancara-acoes-em-bolsa-para-reforcar-o-caixa-e-crescer","status":"publish","type":"post","link":"https:\/\/blogs.correiobraziliense.com.br\/vicente\/oba-hortifruti-lancara-acoes-em-bolsa-para-reforcar-o-caixa-e-crescer\/","title":{"rendered":"Oba Hortifruti lan\u00e7ar\u00e1 a\u00e7\u00f5es em Bolsa para refor\u00e7ar o caixa e crescer"},"content":{"rendered":"<h2>A tradicional rede de varejo Oba Hortifruti pediu autoriza\u00e7\u00e3o \u00e0 Comiss\u00e3o de Valores Mobili\u00e1rios (CVM) para lan\u00e7ar a\u00e7\u00f5es em Bolsa de Valores. O objetivo \u00e9 refor\u00e7ar o caixa para tocar seu processo de crescimento.<\/h2>\n<p>&nbsp;<\/p>\n<p>Com forte atua\u00e7\u00e3o no Distrito Federal, o Oba faturou R$ 1,3 bilh\u00e3o nos nove primeiros meses deste ano. A rede tem 56 lojas em 14 cidades do Sudeste e do Centro-Oeste \u2014 a pr\u00f3xima ser\u00e1 inaugurada em Piracicaba, S\u00e3o Paulo. A rede tamb\u00e9m \u00e9 dona de dois centros de distribui\u00e7\u00e3o e de um frigor\u00edfico. S\u00e3o mais de 6 mil empregados.<\/p>\n<p>&nbsp;<\/p>\n<p>O Oba foi fundando em 1979, em Belo Horizonte. O controle da empresa est\u00e1 nas m\u00e3os de seus fundadores Carlos Roberto Alves, com 54,88% do capital, e Raimundo Desid\u00e9rio Alves Caetano, com 10,50%. A\u00a0gestora de recursos Crescera, ex-Bozano, det\u00e9m 30% de participa\u00e7\u00e3o.<\/p>\n<p>&nbsp;<\/p>\n<p>A rede de hortifruti registrou crescimento de 31,4% nas vendas nos nove primeiros meses deste ano, apesar da pandemia do novo coronav\u00edrus. O lucro l\u00edquido foi de R$ 43,3 milh\u00f5es, com alta de 66,8%. A meta do Oba \u00e9 investir parte do dinheiro arrecadado com a venda de a\u00e7\u00f5es na amplia\u00e7\u00e3o dos canais de atendimento digitais e em log\u00edstica.<\/p>\n<p>&nbsp;<\/p>\n<p><strong>Apetite dos estrangeiros<\/strong><\/p>\n<p>&nbsp;<\/p>\n<p>A decis\u00e3o do Oba de abrir o capital (IPO, na sigla em ingl\u00eas) vem num momento em que os investidores estrangeiros d\u00e3o sinais de disposi\u00e7\u00e3o de retornar ao Brasil, mesmo que muito lentamente. Em outubro, o saldo do capital externo na Bolsa de Valores de S\u00e3o Paulo est\u00e1 positivo em R$ 2,6 bilh\u00f5es. No ano, por\u00e9m, as sa\u00eddas somam R$ 85,2 bilh\u00f5es.<\/p>\n<p>&nbsp;<\/p>\n<p>Segundo a CVM, nas \u00faltimas semanas, 10 empresas pediram registro para lan\u00e7amento de a\u00e7\u00f5es em Bolsa. Al\u00e9m do Oba, a lista inclui Cruzeiro do Sul Educacional, Rede D&#8217;Or, Focus Energia, Grupo Big, CSN Minera\u00e7\u00e3o, Tok &amp; Stock, Neogrid, Paschoalotto e Oeloplan.<\/p>\n<p>&nbsp;<\/p>\n<p><em>Bras\u00edlia, 14h09min<\/em><\/p>\n","protected":false},"excerpt":{"rendered":"<p>A tradicional rede de varejo Oba Hortifruti pediu autoriza\u00e7\u00e3o \u00e0 Comiss\u00e3o de Valores Mobili\u00e1rios (CVM) para lan\u00e7ar a\u00e7\u00f5es em Bolsa de Valores. O objetivo \u00e9 refor\u00e7ar o caixa para tocar seu processo de crescimento. &nbsp; Com forte atua\u00e7\u00e3o no Distrito Federal, o Oba faturou R$ 1,3 bilh\u00e3o nos nove primeiros meses deste ano. A rede [&hellip;]<\/p>\n","protected":false},"author":22,"featured_media":10429,"comment_status":"open","ping_status":"closed","sticky":false,"template":"","format":"standard","meta":{"footnotes":""},"categories":[600],"tags":[589,4943,4547,4996],"class_list":["post-16350","post","type-post","status-publish","format-standard","has-post-thumbnail","hentry","category-economia","tag-economia","tag-financas","tag-negocios","tag-oba-lancara-acoes-em-bolsa-para-reforcar-o-caixa"],"_links":{"self":[{"href":"https:\/\/blogs.correiobraziliense.com.br\/vicente\/wp-json\/wp\/v2\/posts\/16350","targetHints":{"allow":["GET"]}}],"collection":[{"href":"https:\/\/blogs.correiobraziliense.com.br\/vicente\/wp-json\/wp\/v2\/posts"}],"about":[{"href":"https:\/\/blogs.correiobraziliense.com.br\/vicente\/wp-json\/wp\/v2\/types\/post"}],"author":[{"embeddable":true,"href":"https:\/\/blogs.correiobraziliense.com.br\/vicente\/wp-json\/wp\/v2\/users\/22"}],"replies":[{"embeddable":true,"href":"https:\/\/blogs.correiobraziliense.com.br\/vicente\/wp-json\/wp\/v2\/comments?post=16350"}],"version-history":[{"count":1,"href":"https:\/\/blogs.correiobraziliense.com.br\/vicente\/wp-json\/wp\/v2\/posts\/16350\/revisions"}],"predecessor-version":[{"id":16351,"href":"https:\/\/blogs.correiobraziliense.com.br\/vicente\/wp-json\/wp\/v2\/posts\/16350\/revisions\/16351"}],"wp:featuredmedia":[{"embeddable":true,"href":"https:\/\/blogs.correiobraziliense.com.br\/vicente\/wp-json\/wp\/v2\/media\/10429"}],"wp:attachment":[{"href":"https:\/\/blogs.correiobraziliense.com.br\/vicente\/wp-json\/wp\/v2\/media?parent=16350"}],"wp:term":[{"taxonomy":"category","embeddable":true,"href":"https:\/\/blogs.correiobraziliense.com.br\/vicente\/wp-json\/wp\/v2\/categories?post=16350"},{"taxonomy":"post_tag","embeddable":true,"href":"https:\/\/blogs.correiobraziliense.com.br\/vicente\/wp-json\/wp\/v2\/tags?post=16350"}],"curies":[{"name":"wp","href":"https:\/\/api.w.org\/{rel}","templated":true}]}}