{"id":1634,"date":"2016-06-24T11:38:05","date_gmt":"2016-06-24T14:38:05","guid":{"rendered":"https:\/\/blogs.correiobraziliense.com.br\/vicente\/?p=1634"},"modified":"2016-06-27T00:14:56","modified_gmt":"2016-06-27T03:14:56","slug":"fraudes-em-fundos-de-pensao-nao-tem-limites-ex-dirigente-do-postalis-e-preso","status":"publish","type":"post","link":"https:\/\/blogs.correiobraziliense.com.br\/vicente\/fraudes-em-fundos-de-pensao-nao-tem-limites-ex-dirigente-do-postalis-e-preso\/","title":{"rendered":"Fraudes em fundos de pens\u00e3o n\u00e3o t\u00eam limites. Ex-dirigente do Postalis \u00e9 preso. Bens bloqueados chegam a R$ 1,35 bi"},"content":{"rendered":"<p>A 5\u00aa Vara Federal Criminal do Rio de Janeiro autorizou hoje a pris\u00e3o de\u00a0Adilson Flor\u00eancio da Costa, ex-diretor financeiro do Postalis, o fundo de pens\u00e3o dos empregados dos Correios. A deten\u00e7\u00e3o comoveu a capital do pa\u00eds. Adilson \u00e9 o menino que, em 1977, foi resgatado do fosso do zool\u00f3gico da cidade, onde quase foi morto por ariranhas. O bombeiro que o salvou morreu dias depois.<\/p>\n<p>&nbsp;<\/p>\n<p>Tamb\u00e9m foram presos os s\u00f3cios do Grupo Galileu, de quem o Postalis e a Petros, a funda\u00e7\u00e3o dos funcion\u00e1rios da Petrobras, compraram R$ 100 milh\u00f5es em deb\u00eantures com a promessa de recuperar a quase falida Universidade Gama Filho. O neg\u00f3cio se mostrou terr\u00edvel para os fundos de pens\u00e3o, que amargaram grande preju\u00edzo.<\/p>\n<p>&nbsp;<\/p>\n<p>Junto com Adilson, preso em Bras\u00edlia, foram detidos M\u00e1rcio Andr\u00e9 Mendes Costa, Ricardo Andrade Magro e Carlos Alberto Peregrino da Silva, do Galileu; Paulo C\u00e9sar Prado Ferreira da Gama e Luiz Alfredo da Gama Botafogo Muniz, ent\u00e3o representantes legais da Gama Filho; e o advogado Roberto Roland Rodrigues da Silva J\u00fanior.<\/p>\n<p>&nbsp;<\/p>\n<p>A Opera\u00e7\u00e3o Recome\u00e7o est\u00e1 sendo conduzida pelo Minist\u00e9rio P\u00fablico Federal no Rio de Janeiro (MPF\/RJ) e pela Pol\u00edcia Federal. Al\u00e9m do Postalis, est\u00e1 sendo alvo da investiga\u00e7\u00e3o a Petros. Foram autorizadas pris\u00f5es de sete pessoas e a busca e apreens\u00e3o em 12 endere\u00e7os, sendo um em Bras\u00edlia, um em S\u00e3o Paulo e os demais no Rio de Janeiro. Foi determinado ainda o bloqueio de bens e ativos financeiros, inclusive no exterior, de 46 pessoas f\u00edsicas e jur\u00eddicas, num total superior a R$ 1,35 bilh\u00e3o.<\/p>\n<p>&nbsp;<\/p>\n<p><strong>Hist\u00f3rico<\/strong><\/p>\n<p>&nbsp;<\/p>\n<p>Em dezembro de 2010, o Grupo Galileo emitiu deb\u00eantures no valor de R$ 100 milh\u00f5es para captar recursos a fim de recuperar a rec\u00e9m-adquirida Universidade Gama Filho. As investiga\u00e7\u00f5es encontraram fortes ind\u00edcios de que o dinheiro captado foi ilegalmente desviado para outros fins, em especial para contas banc\u00e1rias dos investigados, de terceiros e de pessoas jur\u00eddicas relacionadas aos investigados, o que levou \u00e0 quebra definitiva da Gama Filho e da UniverCidade, tamb\u00e9m mantida pelo grupo, e ao descredenciamento delas pelo Minist\u00e9rio da Educa\u00e7\u00e3o em 2014, com danos a milhares de estudantes.<\/p>\n<p>&nbsp;<\/p>\n<p>O esquema, segundo o Minist\u00e9rio P\u00fablico, tamb\u00e9m prejudicou o Postalis e a Petros, que adquiriram, em 2011, as deb\u00eantures do Grupo Galileo confiando na recupera\u00e7\u00e3o da Gama Filho. Os participantes dessas funda\u00e7\u00f5es perderam R$ 90 milh\u00f5es. \u201cA gravidade dos supostos crimes cometidos \u00e9 potencializada por dois fatores sociais cru\u00e9is: o preju\u00edzo em suas aposentadorias sofrido pelos segurados dos fundos de pens\u00e3o e o irrevers\u00edvel dano que milhares de alunos das universidades Gama Filho e UniverCidade tiveram que suportar em raz\u00e3o do conexo descredenciamento efetivado pelo MEC por conta da ru\u00edna dessas institui\u00e7\u00f5es de ensino\u201d, diz o procurador regional da Rep\u00fablica M\u00e1rcio Barra Lima. Ele coordena com o procurador da Rep\u00fablica Paulo Gomes o grupo de quatro procuradores que conduz a investiga\u00e7\u00e3o.<\/p>\n<p>&nbsp;<\/p>\n<p>Bras\u00edlia,<\/p>\n","protected":false},"excerpt":{"rendered":"<p>A 5\u00aa Vara Federal Criminal do Rio de Janeiro autorizou hoje a pris\u00e3o de\u00a0Adilson Flor\u00eancio da Costa, ex-diretor financeiro do Postalis, o fundo de pens\u00e3o dos empregados dos Correios. A deten\u00e7\u00e3o comoveu a capital do pa\u00eds. Adilson \u00e9 o menino que, em 1977, foi resgatado do fosso do zool\u00f3gico da cidade, onde quase foi morto [&hellip;]<\/p>\n","protected":false},"author":22,"featured_media":0,"comment_status":"open","ping_status":"closed","sticky":false,"template":"","format":"standard","meta":{"footnotes":""},"categories":[1],"tags":[418,416,417,421,419,420,371,259,351],"class_list":["post-1634","post","type-post","status-publish","format-standard","hentry","category-sem-categoria","tag-418","tag-adilson-florencio-da-costa","tag-ariranha","tag-debentures","tag-galileu","tag-gama-filho","tag-petros","tag-postalis","tag-prisao"],"_links":{"self":[{"href":"https:\/\/blogs.correiobraziliense.com.br\/vicente\/wp-json\/wp\/v2\/posts\/1634","targetHints":{"allow":["GET"]}}],"collection":[{"href":"https:\/\/blogs.correiobraziliense.com.br\/vicente\/wp-json\/wp\/v2\/posts"}],"about":[{"href":"https:\/\/blogs.correiobraziliense.com.br\/vicente\/wp-json\/wp\/v2\/types\/post"}],"author":[{"embeddable":true,"href":"https:\/\/blogs.correiobraziliense.com.br\/vicente\/wp-json\/wp\/v2\/users\/22"}],"replies":[{"embeddable":true,"href":"https:\/\/blogs.correiobraziliense.com.br\/vicente\/wp-json\/wp\/v2\/comments?post=1634"}],"version-history":[{"count":10,"href":"https:\/\/blogs.correiobraziliense.com.br\/vicente\/wp-json\/wp\/v2\/posts\/1634\/revisions"}],"predecessor-version":[{"id":1682,"href":"https:\/\/blogs.correiobraziliense.com.br\/vicente\/wp-json\/wp\/v2\/posts\/1634\/revisions\/1682"}],"wp:attachment":[{"href":"https:\/\/blogs.correiobraziliense.com.br\/vicente\/wp-json\/wp\/v2\/media?parent=1634"}],"wp:term":[{"taxonomy":"category","embeddable":true,"href":"https:\/\/blogs.correiobraziliense.com.br\/vicente\/wp-json\/wp\/v2\/categories?post=1634"},{"taxonomy":"post_tag","embeddable":true,"href":"https:\/\/blogs.correiobraziliense.com.br\/vicente\/wp-json\/wp\/v2\/tags?post=1634"}],"curies":[{"name":"wp","href":"https:\/\/api.w.org\/{rel}","templated":true}]}}