{"id":16320,"date":"2020-10-15T10:55:12","date_gmt":"2020-10-15T13:55:12","guid":{"rendered":"https:\/\/blogs.correiobraziliense.com.br\/vicente\/?p=16320"},"modified":"2020-10-15T11:49:25","modified_gmt":"2020-10-15T14:49:25","slug":"vendas-do-comercio-no-dia-das-criancas-caem-88-diz-serasa-experian","status":"publish","type":"post","link":"https:\/\/blogs.correiobraziliense.com.br\/vicente\/vendas-do-comercio-no-dia-das-criancas-caem-88-diz-serasa-experian\/","title":{"rendered":"Vendas do com\u00e9rcio no Dia das Crian\u00e7as caem 8,8%, diz Serasa Experian"},"content":{"rendered":"<p>ROSANA HESSEL<\/p>\n<p>&nbsp;<\/p>\n<p>Assim como o indicador de atividade do Banco Central, IBC-Br, os dados da Serasa Experian mostram que as vendas no Dia das Crian\u00e7as foram pior do que o esperado. Conforme o Indicador de Atividade do Com\u00e9rcio, divulgado nesta quinta-feira (15\/10) pena entidade, o com\u00e9rcio na semana do feriado de Dia das Crian\u00e7as apresentou queda de 8,8% nas vendas do varejo brasileiro durante a semana de 05 a 11 de outubro, na compara\u00e7\u00e3o com o mesmo per\u00edodo de 2019, quando houve aumento de 1,7%.<\/p>\n<p>&nbsp;<\/p>\n<p>Essa \u00e9 a maior baixa desde 2006, per\u00edodo de in\u00edcio da s\u00e9rie hist\u00f3rica do \u00edndice, segundo a Serasa. O tombo supera a queda recorde de 2016, de 8,1%.<\/p>\n<p>&nbsp;<\/p>\n<p>O dado da Serasa foi pior do que a expectativa da Confedera\u00e7\u00e3o Nacional do Com\u00e9rcio (CNC), que previa queda de 4,8% em rela\u00e7\u00e3o ao mesmo per\u00edodo de 2019. O Dia das Crian\u00e7as \u00e9 a terceira data mais importante do calend\u00e1rio do varejo nacional, atr\u00e1s apenas do Natal e do Dia das M\u00e3es.<\/p>\n<p>&nbsp;<\/p>\n<p>A queda do com\u00e9rcio no\u00a0 Dia das Crian\u00e7as foi menor do que a baixa registrada no Dia dos Pais, de 10,6%, \u00faltima data comemorativa analisada pelo indicador, informou a Serasa.\u00a0Quando considerado apenas o fim de semana (de 09\/10 a 11\/10) o tombo foi de 7,7%.\u00a0\u00a0Apenas na de S\u00e3o Paulo a queda nas vendas foi de 7,3% na semana e de 6,8% no s\u00e1bado e no domingo.<\/p>\n<p>&nbsp;<\/p>\n<p>Veja abaixo o hist\u00f3rico do desempenho das vendas, conforme os dados da Serasa.<\/p>\n<p>&nbsp;<\/p>\n<p><a href=\"https:\/\/blogs.correiobraziliense.com.br\/vicente\/wp-content\/uploads\/sites\/16\/2020\/10\/diadascrian\u00e7asgrafico-1.png\"><img loading=\"lazy\" decoding=\"async\" class=\"alignnone size-full wp-image-16327\" src=\"https:\/\/blogs.correiobraziliense.com.br\/vicente\/wp-content\/uploads\/sites\/16\/2020\/10\/diadascrian\u00e7asgrafico-1.png\" alt=\"\" width=\"690\" height=\"252\" \/><\/a><\/p>\n<p>&nbsp;<\/p>\n<p>&nbsp;<\/p>\n","protected":false},"excerpt":{"rendered":"<p>ROSANA HESSEL &nbsp; Assim como o indicador de atividade do Banco Central, IBC-Br, os dados da Serasa Experian mostram que as vendas no Dia das Crian\u00e7as foram pior do que o esperado. Conforme o Indicador de Atividade do Com\u00e9rcio, divulgado nesta quinta-feira (15\/10) pena entidade, o com\u00e9rcio na semana do feriado de Dia das Crian\u00e7as [&hellip;]<\/p>\n","protected":false},"author":22,"featured_media":16326,"comment_status":"open","ping_status":"closed","sticky":false,"template":"","format":"standard","meta":{"footnotes":""},"categories":[600],"tags":[334,3283,4976,4993,3929],"class_list":["post-16320","post","type-post","status-publish","format-standard","has-post-thumbnail","hentry","category-economia","tag-comercio","tag-dados","tag-dia-das-criancas","tag-serasa-experian","tag-vendas"],"_links":{"self":[{"href":"https:\/\/blogs.correiobraziliense.com.br\/vicente\/wp-json\/wp\/v2\/posts\/16320","targetHints":{"allow":["GET"]}}],"collection":[{"href":"https:\/\/blogs.correiobraziliense.com.br\/vicente\/wp-json\/wp\/v2\/posts"}],"about":[{"href":"https:\/\/blogs.correiobraziliense.com.br\/vicente\/wp-json\/wp\/v2\/types\/post"}],"author":[{"embeddable":true,"href":"https:\/\/blogs.correiobraziliense.com.br\/vicente\/wp-json\/wp\/v2\/users\/22"}],"replies":[{"embeddable":true,"href":"https:\/\/blogs.correiobraziliense.com.br\/vicente\/wp-json\/wp\/v2\/comments?post=16320"}],"version-history":[{"count":5,"href":"https:\/\/blogs.correiobraziliense.com.br\/vicente\/wp-json\/wp\/v2\/posts\/16320\/revisions"}],"predecessor-version":[{"id":16328,"href":"https:\/\/blogs.correiobraziliense.com.br\/vicente\/wp-json\/wp\/v2\/posts\/16320\/revisions\/16328"}],"wp:featuredmedia":[{"embeddable":true,"href":"https:\/\/blogs.correiobraziliense.com.br\/vicente\/wp-json\/wp\/v2\/media\/16326"}],"wp:attachment":[{"href":"https:\/\/blogs.correiobraziliense.com.br\/vicente\/wp-json\/wp\/v2\/media?parent=16320"}],"wp:term":[{"taxonomy":"category","embeddable":true,"href":"https:\/\/blogs.correiobraziliense.com.br\/vicente\/wp-json\/wp\/v2\/categories?post=16320"},{"taxonomy":"post_tag","embeddable":true,"href":"https:\/\/blogs.correiobraziliense.com.br\/vicente\/wp-json\/wp\/v2\/tags?post=16320"}],"curies":[{"name":"wp","href":"https:\/\/api.w.org\/{rel}","templated":true}]}}