{"id":16312,"date":"2020-10-14T15:45:40","date_gmt":"2020-10-14T18:45:40","guid":{"rendered":"https:\/\/blogs.correiobraziliense.com.br\/vicente\/?p=16312"},"modified":"2020-10-14T15:45:40","modified_gmt":"2020-10-14T18:45:40","slug":"tcu-decide-arquivar-questionamento-sobre-promocoes-de-auditores-do-tribunal","status":"publish","type":"post","link":"https:\/\/blogs.correiobraziliense.com.br\/vicente\/tcu-decide-arquivar-questionamento-sobre-promocoes-de-auditores-do-tribunal\/","title":{"rendered":"TCU decide arquivar questionamento sobre promo\u00e7\u00f5es de auditores do tribunal"},"content":{"rendered":"<p>ROSANA HESSEL<\/p>\n<p>&nbsp;<\/p>\n<p>O Tribunal de Contas da Uni\u00e3o (TCU) considerou improcedente a representa\u00e7\u00e3o questionando a progress\u00e3o funcional de servidores do \u00f3rg\u00e3o e determinou seu arquivamento.<\/p>\n<p>&nbsp;<\/p>\n<p>A representa\u00e7\u00e3o protocolada pelo procurador Lucas Furtado foi julgada improcedente, por unanimidade, conforme o acord\u00e3o n\u00ba 2683\/2020. Os ministros do TCU concordaram em determinar o seu arquivamento da a\u00e7\u00e3o, &#8221; dando ci\u00eancia deste\u00a0ac\u00f3rd\u00e3o \u00e0 representante e ao \u00f3rg\u00e3o, de acordo com os pareceres emitidos nos autos&#8221;.<\/p>\n<p>&nbsp;<\/p>\n<p>Para a presidente Lucieni Pereira, presidente da Associa\u00e7\u00e3o da Auditoria de Controle Externo do TCU (Aud-TCU), a decis\u00e3o foi uma vit\u00f3ria para a entidade, que, juntamente com a Associa\u00e7\u00e3o Nacional dos Auditores de Controle Externo dos Tribunais de Contas do Brasil (ANTC) e a Confedera\u00e7\u00e3o Nacional dos Servidores P\u00fablicos (CNSP),\u00a0 encaminharam ao ministro relator, Benjamin Zymler, um documento argumentando que o processo era improcedente. Segundo ela, conforme o\u00a0<a href=\"https:\/\/blogs.correiobraziliense.com.br\/vicente\/associacao-defende-legalidade-de-progressao-de-auditores-do-tcu\/\">relat\u00f3rio de contesta\u00e7\u00e3o<\/a>, a promo\u00e7\u00e3o e a progress\u00e3o funcional dos funcion\u00e1rios do TCU n\u00e3o se enquadram na\u00a0restri\u00e7\u00f5es previstas na Lei Complementar 173\/2020.<\/p>\n<p>&nbsp;<\/p>\n<p>&#8220;A progress\u00e3o poderia ter sido retirada da lei complementar pelo Congresso, proibindo n\u00e3o apenas os reajustes, mas isso n\u00e3o aconteceu por press\u00e3o dos militares&#8221;, lamentou Lucieni.\u00a0Na avalia\u00e7\u00e3o da auditora, o maior erro foi cometido pelo presidente Jair Bolsonaro, quando ele autorizou os reajustes dos policiais do Distrito Federal, no fim de maio.\u00a0&#8220;Essa medida \u00e9 que est\u00e1 errada e precisa ser questionada porque vai na contram\u00e3o da Lei de Responsabilidade Fiscal&#8221;, afirmou.<\/p>\n<p>&nbsp;<\/p>\n<p>O estado de calamidade p\u00fablica foi reconhecido pelo Decreto Legislativo 6\/2020, em 20\/3\/2020, sendo que a progress\u00e3o e a promo\u00e7\u00e3o funcional dos servidores p\u00fablicos do TCU foram autorizadas h\u00e1 19 anos, conforme art. 14 da Lei 10.356\/2001.<\/p>\n<p>&nbsp;<\/p>\n<p>A decis\u00e3o do plen\u00e1rio do TCU, entretanto, pode ser reexaminada, no prazo de 15 dias da publica\u00e7\u00e3o, que ocorreu em 7 de outubro, de acordo com a promotoria do tribunal.<\/p>\n<p>&nbsp;<\/p>\n<p>No \u00faltimo dia 25, o <strong>Blog<\/strong> noticiou que o TCU promoveu <a href=\"https:\/\/blogs.correiobraziliense.com.br\/vicente\/tcu-tambem-deu-aumento-a-quase-40-servidores-por-meio-de-promocoes-agu-recuou\/\">quase 40 servidores<\/a>\u00a0 conforme um portaria publicada no in\u00edcio de setembro logo ap\u00f3s a\u00a0<a href=\"https:\/\/www.correiobraziliense.com.br\/economia\/2020\/09\/4877788-constrangida-agu-retira-607-promocoes.html\">repercuss\u00e3o negativa<\/a> de um reajuste de mais de 600 funcion\u00e1rios da Advocacia-Geral da Uni\u00e3o (AGU).<\/p>\n<p>&nbsp;<\/p>\n<p>&nbsp;<\/p>\n<p>&nbsp;<\/p>\n","protected":false},"excerpt":{"rendered":"<p>ROSANA HESSEL &nbsp; O Tribunal de Contas da Uni\u00e3o (TCU) considerou improcedente a representa\u00e7\u00e3o questionando a progress\u00e3o funcional de servidores do \u00f3rg\u00e3o e determinou seu arquivamento. &nbsp; A representa\u00e7\u00e3o protocolada pelo procurador Lucas Furtado foi julgada improcedente, por unanimidade, conforme o acord\u00e3o n\u00ba 2683\/2020. Os ministros do TCU concordaram em determinar o seu arquivamento da [&hellip;]<\/p>\n","protected":false},"author":22,"featured_media":16044,"comment_status":"open","ping_status":"closed","sticky":false,"template":"","format":"standard","meta":{"footnotes":""},"categories":[600],"tags":[4992,3688,1959,50],"class_list":["post-16312","post","type-post","status-publish","format-standard","has-post-thumbnail","hentry","category-economia","tag-acordao","tag-aud-tcu","tag-promocoes","tag-tcu"],"_links":{"self":[{"href":"https:\/\/blogs.correiobraziliense.com.br\/vicente\/wp-json\/wp\/v2\/posts\/16312","targetHints":{"allow":["GET"]}}],"collection":[{"href":"https:\/\/blogs.correiobraziliense.com.br\/vicente\/wp-json\/wp\/v2\/posts"}],"about":[{"href":"https:\/\/blogs.correiobraziliense.com.br\/vicente\/wp-json\/wp\/v2\/types\/post"}],"author":[{"embeddable":true,"href":"https:\/\/blogs.correiobraziliense.com.br\/vicente\/wp-json\/wp\/v2\/users\/22"}],"replies":[{"embeddable":true,"href":"https:\/\/blogs.correiobraziliense.com.br\/vicente\/wp-json\/wp\/v2\/comments?post=16312"}],"version-history":[{"count":3,"href":"https:\/\/blogs.correiobraziliense.com.br\/vicente\/wp-json\/wp\/v2\/posts\/16312\/revisions"}],"predecessor-version":[{"id":16315,"href":"https:\/\/blogs.correiobraziliense.com.br\/vicente\/wp-json\/wp\/v2\/posts\/16312\/revisions\/16315"}],"wp:featuredmedia":[{"embeddable":true,"href":"https:\/\/blogs.correiobraziliense.com.br\/vicente\/wp-json\/wp\/v2\/media\/16044"}],"wp:attachment":[{"href":"https:\/\/blogs.correiobraziliense.com.br\/vicente\/wp-json\/wp\/v2\/media?parent=16312"}],"wp:term":[{"taxonomy":"category","embeddable":true,"href":"https:\/\/blogs.correiobraziliense.com.br\/vicente\/wp-json\/wp\/v2\/categories?post=16312"},{"taxonomy":"post_tag","embeddable":true,"href":"https:\/\/blogs.correiobraziliense.com.br\/vicente\/wp-json\/wp\/v2\/tags?post=16312"}],"curies":[{"name":"wp","href":"https:\/\/api.w.org\/{rel}","templated":true}]}}