{"id":16298,"date":"2020-10-14T10:37:03","date_gmt":"2020-10-14T13:37:03","guid":{"rendered":"https:\/\/blogs.correiobraziliense.com.br\/vicente\/?p=16298"},"modified":"2020-10-14T18:13:44","modified_gmt":"2020-10-14T21:13:44","slug":"fmi-projeta-divida-bruta-do-brasil-acima-de-100-do-pib-ate-2025","status":"publish","type":"post","link":"https:\/\/blogs.correiobraziliense.com.br\/vicente\/fmi-projeta-divida-bruta-do-brasil-acima-de-100-do-pib-ate-2025\/","title":{"rendered":"FMI projeta d\u00edvida bruta do Brasil acima de 100% do PIB at\u00e9 2025"},"content":{"rendered":"<p>ROSANA HESSEL<\/p>\n<p>&nbsp;<\/p>\n<p><span style=\"font-weight: 400\">Enquanto o mercado demonstra aumento na preocupa\u00e7\u00e3o com a pol\u00edtica fiscal do governo brasileiro, o Fundo Monet\u00e1rio Internacional (FMI) divulga dados cada vez mais preocupantes sobre a d\u00edvida p\u00fablica bruta do Brasil. Pelas estimativas do Fundo, ela dever\u00e1 encerrar 2020, acima de 100% do Produto Interno Bruto (PIB), e continuar\u00e1 crescendo nos pr\u00f3ximos anos, passando de 101,4%, neste ano, para 104,4%, em 2025, \u00faltimo ano de estudo divulgado nesta quarta-feira (14\/10).<\/span><\/p>\n<p>&nbsp;<\/p>\n<p><span style=\"font-weight: 400\">No relat\u00f3rio Monitor Fiscal, o FMI prev\u00ea que a d\u00edvida p\u00fablica bruta brasileira acima das estimativas do governo, porque ele inclui na conta os t\u00edtulos p\u00fablicos na carteira do Banco Central que ele costuma utilizar para realizar opera\u00e7\u00f5es compromissadas, enxugando a liquidez do mercado. Com isso, em vez de computar, em 2019, uma d\u00edvida p\u00fablica bruta em 75,8% do PIB de 2019, como o BC, o Fundo contabilizou 89,5% do PIB.<\/span><\/p>\n<p>&nbsp;<\/p>\n<p>A taxa da d\u00edvida brasileira prevista pelo FMI em 2020 \u00e9 a segunda maior entre 40 pa\u00edses emergentes listados pelo Fundo, sendo superado pela Angola, com 120,3% do PIB. A m\u00e9dia dos pa\u00edses emergentes dever\u00e1 passar de 52,6%, em 2019, para 62,2%, neste ano, segundo o organismo multilateral.<\/p>\n<p>&nbsp;<\/p>\n<p><span style=\"font-weight: 400\">No estudo, t\u00e9cnicos do FMI destacam que as economias emergentes deve registrar aumentos expressivos no deficit fiscal, aumentando cerca de 6 pontos percentuais do PIB em 2020 na compara\u00e7\u00e3o com 2019. Esse dado est\u00e1 abaixo da m\u00e9dia global, que deve aumentar em 9 pontos percentuais pelas contas do Fundo.\u00a0<\/span><\/p>\n<p>&nbsp;<\/p>\n<p><span style=\"font-weight: 400\">Contudo, no caso do Brasil, o organismo multilateral prev\u00ea o deficit nominal, que reflete a necessidade de financiamento do pa\u00eds &#8212; pois inclui a conta de juros da d\u00edvida &#8211;, encostando em 17% do PIB, um aumento acima da m\u00e9dia dos demais emergentes e da m\u00e9dia global. Em 2019, o deficit nominal ficou em 6% do PIB e, neste ano, pelas estimativas do Fundo chegar\u00e1 a 16,8% do PIB, e, em 2021, passar\u00e1 para 6,5% do PIB.<\/span><\/p>\n<p>&nbsp;<\/p>\n<p>As previs\u00f5es do FMI para o resultado prim\u00e1rio das contas do governo, que est\u00e1 no vermelho desde 2014, quanto ficaram negativas em 0,6% do PIB, s\u00e3o de que o deficit prim\u00e1rio ser\u00e1 registrado at\u00e9 2025, pelo menos, passando de -12% do PIB, em 2020, para -0,1%, no \u00faltimo ano do levantamento.<\/p>\n<p>&nbsp;<\/p>\n<p><span style=\"font-weight: 400\">De acordo com o relat\u00f3rio, a pandemia de covid-19 e bloqueios associados \u00e0 doen\u00e7a levaram os pa\u00edses a anunciarem medidas que inclu\u00edram pacotes fiscais sem precedentes, totalizando US$ 11,7 trilh\u00f5es, algo perto de 12% do PIB global, at\u00e9 11 de setembro de 2020.<\/span><\/p>\n<p>&nbsp;<\/p>\n<p><span style=\"font-weight: 400\">\u201cMetade das a\u00e7\u00f5es fiscais consistiram em gastos adicionais\u00a0 u receita perdida, incluindo cortes tempor\u00e1rios de impostos, e a outra metade, suporte de liquidez, incluindo empr\u00e9stimos, garantias e inje\u00e7\u00f5es de capital pelo setor p\u00fablico. Essa resposta en\u00e9rgica dos governos salvou vidas, apoiou pessoas e empresas vulner\u00e1veis \u200b\u200be mitigou consequ\u00eancias na atividade econ\u00f4mica. No entanto, as consequ\u00eancias da crise para as finan\u00e7as p\u00fablicas, combinadas com a perda de receita da contra\u00e7\u00e3o da produ\u00e7\u00e3o, foram enormes\u201d, destacou o relat\u00f3rio do FMI.<\/span><\/p>\n","protected":false},"excerpt":{"rendered":"<p>ROSANA HESSEL &nbsp; Enquanto o mercado demonstra aumento na preocupa\u00e7\u00e3o com a pol\u00edtica fiscal do governo brasileiro, o Fundo Monet\u00e1rio Internacional (FMI) divulga dados cada vez mais preocupantes sobre a d\u00edvida p\u00fablica bruta do Brasil. Pelas estimativas do Fundo, ela dever\u00e1 encerrar 2020, acima de 100% do Produto Interno Bruto (PIB), e continuar\u00e1 crescendo nos [&hellip;]<\/p>\n","protected":false},"author":22,"featured_media":16216,"comment_status":"open","ping_status":"closed","sticky":false,"template":"","format":"standard","meta":{"footnotes":""},"categories":[600],"tags":[378,76,3294,2250,560],"class_list":["post-16298","post","type-post","status-publish","format-standard","has-post-thumbnail","hentry","category-economia","tag-brasil","tag-deficit","tag-divida-bruta","tag-fmi","tag-rombo-fiscal"],"_links":{"self":[{"href":"https:\/\/blogs.correiobraziliense.com.br\/vicente\/wp-json\/wp\/v2\/posts\/16298","targetHints":{"allow":["GET"]}}],"collection":[{"href":"https:\/\/blogs.correiobraziliense.com.br\/vicente\/wp-json\/wp\/v2\/posts"}],"about":[{"href":"https:\/\/blogs.correiobraziliense.com.br\/vicente\/wp-json\/wp\/v2\/types\/post"}],"author":[{"embeddable":true,"href":"https:\/\/blogs.correiobraziliense.com.br\/vicente\/wp-json\/wp\/v2\/users\/22"}],"replies":[{"embeddable":true,"href":"https:\/\/blogs.correiobraziliense.com.br\/vicente\/wp-json\/wp\/v2\/comments?post=16298"}],"version-history":[{"count":6,"href":"https:\/\/blogs.correiobraziliense.com.br\/vicente\/wp-json\/wp\/v2\/posts\/16298\/revisions"}],"predecessor-version":[{"id":16318,"href":"https:\/\/blogs.correiobraziliense.com.br\/vicente\/wp-json\/wp\/v2\/posts\/16298\/revisions\/16318"}],"wp:featuredmedia":[{"embeddable":true,"href":"https:\/\/blogs.correiobraziliense.com.br\/vicente\/wp-json\/wp\/v2\/media\/16216"}],"wp:attachment":[{"href":"https:\/\/blogs.correiobraziliense.com.br\/vicente\/wp-json\/wp\/v2\/media?parent=16298"}],"wp:term":[{"taxonomy":"category","embeddable":true,"href":"https:\/\/blogs.correiobraziliense.com.br\/vicente\/wp-json\/wp\/v2\/categories?post=16298"},{"taxonomy":"post_tag","embeddable":true,"href":"https:\/\/blogs.correiobraziliense.com.br\/vicente\/wp-json\/wp\/v2\/tags?post=16298"}],"curies":[{"name":"wp","href":"https:\/\/api.w.org\/{rel}","templated":true}]}}