{"id":1629,"date":"2016-06-24T08:50:56","date_gmt":"2016-06-24T11:50:56","guid":{"rendered":"https:\/\/blogs.correiobraziliense.com.br\/vicente\/?p=1629"},"modified":"2016-06-24T09:18:42","modified_gmt":"2016-06-24T12:18:42","slug":"intolerancia-vai-crescer-na-europa-brasil-nao-ficara-imune","status":"publish","type":"post","link":"https:\/\/blogs.correiobraziliense.com.br\/vicente\/intolerancia-vai-crescer-na-europa-brasil-nao-ficara-imune\/","title":{"rendered":"A intoler\u00e2ncia vai crescer na Europa. Brasil n\u00e3o ficar\u00e1 imune"},"content":{"rendered":"<p>A decis\u00e3o do Reino Unido de deixar a Uni\u00e3o Europeia trar\u00e1 consequ\u00eancias graves para o mundo, que v\u00e3o al\u00e9m das quest\u00f5es econ\u00f4micas. Veremos, a partir de agora, a onda de intoler\u00e2ncia disparar na Europa, com os extremistas ganhando for\u00e7a. Mu\u00e7ulmanos, refugiados, negros, gays e todas as outras minorias tendem a\u00a0sofrer forte persegui\u00e7\u00e3o.<\/p>\n<p>&nbsp;<\/p>\n<p>A sa\u00edda do Reino Unido da Uni\u00e3o Europeia deve dar for\u00e7a a todos os movimentos separatistas que andavam contidos e impulsionar a desintegra\u00e7\u00e3o do euro. O pr\u00f3prio Reino Unido pode se dissolver, uma vez que Esc\u00f3cia e Irlanda do Norte votaram pela perman\u00eancia na UE. A Espanha tende a seguir na dire\u00e7\u00e3o da divis\u00e3o, criando forte convuls\u00e3o social.<\/p>\n<p>&nbsp;<\/p>\n<p>O Brasil est\u00e1 numa situa\u00e7\u00e3o muito delicada. Vive a pior recess\u00e3o em quase um s\u00e9culo e enfrenta uma crise pol\u00edtica que est\u00e1 longe de acabar. Nas \u00faltimas semanas se ensaiou uma recupera\u00e7\u00e3o da confian\u00e7a de empres\u00e1rios e consumidores, mas, com o mundo entrando em parafuso, \u00e9 dif\u00edcil acreditar numa sa\u00edda mais r\u00e1pida do pa\u00eds do atoleiro.<\/p>\n<p>&nbsp;<\/p>\n<p>Ser\u00e1 preciso uma a\u00e7\u00e3o muito forte do governo brasileiro para enfrentar esse momento dif\u00edcil, que pode se agravar se Donald Trump se fortalecer a ponto de vencer as elei\u00e7\u00f5es nos Estados Unidos. Tempos terr\u00edveis est\u00e3o por vir. E vai exigir muita serenidade e pulso firme dos governantes.<\/p>\n","protected":false},"excerpt":{"rendered":"<p>A decis\u00e3o do Reino Unido de deixar a Uni\u00e3o Europeia trar\u00e1 consequ\u00eancias graves para o mundo, que v\u00e3o al\u00e9m das quest\u00f5es econ\u00f4micas. Veremos, a partir de agora, a onda de intoler\u00e2ncia disparar na Europa, com os extremistas ganhando for\u00e7a. Mu\u00e7ulmanos, refugiados, negros, gays e todas as outras minorias tendem a\u00a0sofrer forte persegui\u00e7\u00e3o. &nbsp; A sa\u00edda [&hellip;]<\/p>\n","protected":false},"author":22,"featured_media":0,"comment_status":"open","ping_status":"closed","sticky":false,"template":"","format":"standard","meta":{"footnotes":""},"categories":[1],"tags":[345,393,392,387,394],"class_list":["post-1629","post","type-post","status-publish","format-standard","hentry","category-sem-categoria","tag-brexit","tag-espanha","tag-impactos-no-brasil","tag-reino-unido","tag-uniao-europeia"],"_links":{"self":[{"href":"https:\/\/blogs.correiobraziliense.com.br\/vicente\/wp-json\/wp\/v2\/posts\/1629","targetHints":{"allow":["GET"]}}],"collection":[{"href":"https:\/\/blogs.correiobraziliense.com.br\/vicente\/wp-json\/wp\/v2\/posts"}],"about":[{"href":"https:\/\/blogs.correiobraziliense.com.br\/vicente\/wp-json\/wp\/v2\/types\/post"}],"author":[{"embeddable":true,"href":"https:\/\/blogs.correiobraziliense.com.br\/vicente\/wp-json\/wp\/v2\/users\/22"}],"replies":[{"embeddable":true,"href":"https:\/\/blogs.correiobraziliense.com.br\/vicente\/wp-json\/wp\/v2\/comments?post=1629"}],"version-history":[{"count":1,"href":"https:\/\/blogs.correiobraziliense.com.br\/vicente\/wp-json\/wp\/v2\/posts\/1629\/revisions"}],"predecessor-version":[{"id":1630,"href":"https:\/\/blogs.correiobraziliense.com.br\/vicente\/wp-json\/wp\/v2\/posts\/1629\/revisions\/1630"}],"wp:attachment":[{"href":"https:\/\/blogs.correiobraziliense.com.br\/vicente\/wp-json\/wp\/v2\/media?parent=1629"}],"wp:term":[{"taxonomy":"category","embeddable":true,"href":"https:\/\/blogs.correiobraziliense.com.br\/vicente\/wp-json\/wp\/v2\/categories?post=1629"},{"taxonomy":"post_tag","embeddable":true,"href":"https:\/\/blogs.correiobraziliense.com.br\/vicente\/wp-json\/wp\/v2\/tags?post=1629"}],"curies":[{"name":"wp","href":"https:\/\/api.w.org\/{rel}","templated":true}]}}