{"id":16224,"date":"2020-10-08T18:11:03","date_gmt":"2020-10-08T21:11:03","guid":{"rendered":"https:\/\/blogs.correiobraziliense.com.br\/vicente\/?p=16224"},"modified":"2020-10-08T18:19:37","modified_gmt":"2020-10-08T21:19:37","slug":"bittar-reduz-em-2-milhoes-previsao-de-beneficiarios-do-renda-cidada","status":"publish","type":"post","link":"https:\/\/blogs.correiobraziliense.com.br\/vicente\/bittar-reduz-em-2-milhoes-previsao-de-beneficiarios-do-renda-cidada\/","title":{"rendered":"Bittar reduz em 2 milh\u00f5es previs\u00e3o de benefici\u00e1rios do Renda Cidad\u00e3"},"content":{"rendered":"<p>ROSANA HESSEL<\/p>\n<p>&nbsp;<\/p>\n<p>Antes mesmo de anunciar a proposta do Renda Cidad\u00e3, o senador Marcio Bittar (MDB-AC) j\u00e1 reduziu em 2 milh\u00f5es o n\u00famero de pessoas adicionais que devem ser beneficiadas pelo Renda Cidad\u00e3.\u00a0Nos \u00faltimos dias, ele vinha falando em 10 milh\u00f5es, e, hoje, passou para 8 milh\u00f5es, o que gera mais confus\u00e3o sobre o verdadeiro tamanho do programa que o presidente Jair Bolsonaro quer lan\u00e7ar para pavimentar a reelei\u00e7\u00e3o em 2022.<\/p>\n<p>&nbsp;<\/p>\n<p>&#8220;Temos 8 milh\u00f5es de brasileiros que, se a partir de janeiro n\u00e3o criarmos o Renda Brasil, n\u00e3o ter\u00e3o do que se alimentar. Estou fazendo tudo que posso em nome do Presidente Jair Bolsonaro e do Congresso para chegar a uma proposta&#8221;, escreveu Bittar em sua rede social, na tarde desta quinta-feira (8\/10). Questionado sobre essa redu\u00e7\u00e3o, o senador ainda n\u00e3o comentou o assunto.<\/p>\n<p>&nbsp;<\/p>\n<p>O Renda Cidad\u00e3 \u00e9 novo programa que o presidente Jair Bolsonaro pretende lan\u00e7ar para substituir o Bolsa Fam\u00edlia, para atender os parte dos &#8220;invis\u00edveis&#8221; descobertos pelo governo durante a pandemia e que passaram a receber o aux\u00edlio emergencial. Os n\u00fameros do ministro da Economia, Paulo Guedes, para esse contingente tamb\u00e9m \u00e9 impreciso, pois j\u00e1 variou de 20 milh\u00f5es a 40 milh\u00f5es.<\/p>\n<p>&nbsp;<\/p>\n<p>O Bolsa Fam\u00edlia atende quase 14 milh\u00f5es de fam\u00edlias, ou cerca de 20 milh\u00f5es de pessoas, atualmente. Mesmo com essa redu\u00e7\u00e3o parece que Bittar vai continuar com dificuldades para encontrar fontes de financiamento do novo programa. Estimativas mais pessimistas do BTG Pactual, prevendo um programa para 25 milh\u00f5es de pessoas custaria R$ 97,5 bilh\u00f5es por ano, se o benef\u00edcio for de R$ 300.<\/p>\n<p>&nbsp;<\/p>\n<p>No ano que vem, o Bolsa Fam\u00edlia tem um or\u00e7amento previsto para esse programa \u00e9 de R$ 34,8 bilh\u00f5es, o que ainda vai exigir mais R$ 62,7 bilh\u00f5es em recursos adicionais que ainda n\u00e3o seriam suficientes para\u00a0atender, pelo menos, 28 milh\u00f5es de pessoas previstas por Bittar. Vale lembrar que o Or\u00e7amento de 2021 n\u00e3o tem espa\u00e7o para R$ 1 de novas despesas sem que o teto de gastos &#8211; regra constitucional que limita o crescimento das despesas \u00e0 infla\u00e7\u00e3o do ano anterior.<\/p>\n<p>&nbsp;<\/p>\n<p><strong>PECs\u00a0<\/strong><\/p>\n<p>&nbsp;<\/p>\n<p>O Renda Cidad\u00e3 constar\u00e1 no relat\u00f3rio dele da Proposta de Emenda \u00e0 Constitui\u00e7\u00e3o (PEC) Emergencial, a PEC 186\/2020,\u00a0 que trata da regulamenta\u00e7\u00e3o dos gatilhos que devem ser acionados em caso de descumprimento da regra do teto. Respeitar essa \u00e2ncora fiscal foi uma das promessas de campanha de Bolsonaro, mas ele vem sendo seduzido pelo canto da sereia de ministros que acham que quebrar furar o teto n\u00e3o faz mal, mas esquecem que marcar\u00e1 o in\u00edcio de um descontrole sem precedentes na d\u00edvida p\u00fablica, afugentando ainda mais os investidores que financiam o rombo fiscal do governo desde 2014 e que n\u00e3o para de crescer.<\/p>\n<p>&nbsp;<\/p>\n<p>O aumento da desconfian\u00e7a no mercado tem provocado um sobe e desce no mercado financeiro. Os investidores estrangeiros na Bolsa de Valores de S\u00e3o Paulo (B3), continuam batendo em retirada. No acumulado do ano at\u00e9 o \u00faltimo dia 6, a sa\u00edda somou R$ 89,1 bilh\u00f5es, mais do que o dobro dos R$ 44,6 bilh\u00f5es da debandada de 2019.\u00a0\u00a0<b><\/b><\/p>\n<p>&nbsp;<\/p>\n<p>Mais cedo, Bittar confirmou que\u00a0a proposta para a cria\u00e7\u00e3o do novo programa s\u00f3 ser\u00e1 apresentada <a href=\"https:\/\/www.correiobraziliense.com.br\/politica\/2020\/10\/4880846-renda-cidada-fica-para-depois-das-eleicoes-municipais-diz-bittar.html\">depois das elei\u00e7\u00f5es municipais<\/a>. O parlamentar\u00a0tinha prometido entregar o texto ontem, mas vem adiando a promessa semanalmente, devido \u00e0 falta de consenso no governo para as fontes de financiamento. Nos \u00faltimos dias, as propostas para o Renda Cidad\u00e3 n\u00e3o param de causar pol\u00eamicas por levantarem d\u00favidas sobre o compromisso de campanha do presidente Jair Bolsonaro com a responsabilidade fiscal, como a ideia de adiar o pagamento de precat\u00f3rios, d\u00edvidas judiciais da Uni\u00e3o, que impactou negativamente no mercado financeiro.<\/p>\n<p>&nbsp;<\/p>\n<p>O senador tamb\u00e9m \u00e9 relator do Or\u00e7amento de 2021 e da PEC do Pacto Federativo, a PEC 188\/2020, que trata da desvincula\u00e7\u00e3o de despesas pretende incluir tamb\u00e9m dispositivos para que o teto salarial do funcionalismo, de R$ 39,2 mil por m\u00eas, seja respeitado.<\/p>\n<p>&nbsp;<\/p>\n","protected":false},"excerpt":{"rendered":"<p>ROSANA HESSEL &nbsp; Antes mesmo de anunciar a proposta do Renda Cidad\u00e3, o senador Marcio Bittar (MDB-AC) j\u00e1 reduziu em 2 milh\u00f5es o n\u00famero de pessoas adicionais que devem ser beneficiadas pelo Renda Cidad\u00e3.\u00a0Nos \u00faltimos dias, ele vinha falando em 10 milh\u00f5es, e, hoje, passou para 8 milh\u00f5es, o que gera mais confus\u00e3o sobre o [&hellip;]<\/p>\n","protected":false},"author":22,"featured_media":16228,"comment_status":"open","ping_status":"closed","sticky":false,"template":"","format":"standard","meta":{"footnotes":""},"categories":[600],"tags":[1498,589,4935,3613,4974],"class_list":["post-16224","post","type-post","status-publish","format-standard","has-post-thumbnail","hentry","category-economia","tag-bolsa-familia","tag-economia","tag-marcio-bittar","tag-paulo-guedes","tag-renda-cidada"],"_links":{"self":[{"href":"https:\/\/blogs.correiobraziliense.com.br\/vicente\/wp-json\/wp\/v2\/posts\/16224","targetHints":{"allow":["GET"]}}],"collection":[{"href":"https:\/\/blogs.correiobraziliense.com.br\/vicente\/wp-json\/wp\/v2\/posts"}],"about":[{"href":"https:\/\/blogs.correiobraziliense.com.br\/vicente\/wp-json\/wp\/v2\/types\/post"}],"author":[{"embeddable":true,"href":"https:\/\/blogs.correiobraziliense.com.br\/vicente\/wp-json\/wp\/v2\/users\/22"}],"replies":[{"embeddable":true,"href":"https:\/\/blogs.correiobraziliense.com.br\/vicente\/wp-json\/wp\/v2\/comments?post=16224"}],"version-history":[{"count":5,"href":"https:\/\/blogs.correiobraziliense.com.br\/vicente\/wp-json\/wp\/v2\/posts\/16224\/revisions"}],"predecessor-version":[{"id":16231,"href":"https:\/\/blogs.correiobraziliense.com.br\/vicente\/wp-json\/wp\/v2\/posts\/16224\/revisions\/16231"}],"wp:featuredmedia":[{"embeddable":true,"href":"https:\/\/blogs.correiobraziliense.com.br\/vicente\/wp-json\/wp\/v2\/media\/16228"}],"wp:attachment":[{"href":"https:\/\/blogs.correiobraziliense.com.br\/vicente\/wp-json\/wp\/v2\/media?parent=16224"}],"wp:term":[{"taxonomy":"category","embeddable":true,"href":"https:\/\/blogs.correiobraziliense.com.br\/vicente\/wp-json\/wp\/v2\/categories?post=16224"},{"taxonomy":"post_tag","embeddable":true,"href":"https:\/\/blogs.correiobraziliense.com.br\/vicente\/wp-json\/wp\/v2\/tags?post=16224"}],"curies":[{"name":"wp","href":"https:\/\/api.w.org\/{rel}","templated":true}]}}