{"id":16212,"date":"2020-10-07T12:01:38","date_gmt":"2020-10-07T15:01:38","guid":{"rendered":"https:\/\/blogs.correiobraziliense.com.br\/vicente\/?p=16212"},"modified":"2020-10-07T12:01:38","modified_gmt":"2020-10-07T15:01:38","slug":"fmi-aponta-oportunidades-para-a-economia-verde-no-pos-pandemia","status":"publish","type":"post","link":"https:\/\/blogs.correiobraziliense.com.br\/vicente\/fmi-aponta-oportunidades-para-a-economia-verde-no-pos-pandemia\/","title":{"rendered":"FMI aponta oportunidades para a economia verde no p\u00f3s-pandemia"},"content":{"rendered":"<p><span style=\"font-weight: 400\">ROSANA HESSEL<\/span><\/p>\n<p>&nbsp;<\/p>\n<p><span style=\"font-weight: 400\">Em tempos de pandemia de covid-19, os desafios para a mitiga\u00e7\u00e3o das mudan\u00e7as clim\u00e1ticas aumentam, mas tamb\u00e9m criam oportunidades, na avalia\u00e7\u00e3o do Fundo Monet\u00e1rio Internacional (FMI), que, ao contr\u00e1rio de muitos negacionistas e cr\u00edticos de agendas ambientalistas, reconhece que o aquecimento do planeta \u00e9 uma realidade e est\u00e1 avan\u00e7ando de forma acelerada.\u00a0\u00a0<\/span><\/p>\n<p>&nbsp;<\/p>\n<p><span style=\"font-weight: 400\">\u201cA atual recess\u00e3o global torna o cen\u00e1rio mais desafiador para decretar as pol\u00edticas necess\u00e1rias para mitiga\u00e7\u00e3o e aumentos\u00a0 urg\u00eancia de compreender como a mitiga\u00e7\u00e3o pode ser\u00a0<\/span><span style=\"font-weight: 400\">alcan\u00e7ado de uma forma favor\u00e1vel ao emprego e ao crescimento e com prote\u00e7\u00e3o para os pobres. No entanto, existem tamb\u00e9m oportunidades no contexto atual para colocar o economia em um caminho mais verde\u201d, destacou o relat\u00f3rio \u201cMitigando as mudan\u00e7as clim\u00e1ticas: estrat\u00e9gias amig\u00e1veis de crescimento e distribui\u00e7\u00e3o\u201d, divulgado nesta quarta-feira (07\/10).\u00a0<\/span><\/p>\n<p>&nbsp;<\/p>\n<p><span style=\"font-weight: 400\">No estudo que faz parte da safra de divulga\u00e7\u00f5es de cap\u00edtulos do Panorama Econ\u00f4mico Global, o FMI refor\u00e7a que &#8220;o aquecimento global continua acelerado&#8221; e defende pol\u00edticas p\u00fablicas voltadas para direcionar est\u00edmulos fiscais para a economia verde, afim de reduzir as emiss\u00f5es de carbono e acelerar um processo de retomada p\u00f3s-pandemia. \u201cO aumento da temperatura m\u00e9dia sobre a superf\u00edcie do planeta, desde a revolu\u00e7\u00e3o industrial, \u00e9 estimada em cerca de 1 \u00b0C e acredita-se que esteja acelerando\u201d, alertou. O Fundo destacou que, desde os anos 1980, cada d\u00e9cada sucessiva tem sido mais quente do que a anterior, e os \u00faltimos cinco anos, de 2015 a 2019, \u201cforam os mais quentes j\u00e1 relatados\u201d, e 2019 foi, provavelmente, \u201co segundo ano mais quente j\u00e1 registrado\u201d.\u00a0<\/span><\/p>\n<p>&nbsp;<\/p>\n<p><span style=\"font-weight: 400\">\u201cEmbora a mitiga\u00e7\u00e3o provavelmente, aumentar\u00e1 as receitas a longo prazo, limitando os danos e graves riscos f\u00edsicos, a transforma\u00e7\u00e3o econ\u00f4mica que requer pode diminuir o crescimento durante a transi\u00e7\u00e3o, especialmente, em Pa\u00edses fortemente dependentes das exporta\u00e7\u00f5es de combust\u00edveis f\u00f3sseis e em aqueles com r\u00e1pido crescimento econ\u00f4mico e populacional\u201d, destacou o documento.<\/span><\/p>\n<p>&nbsp;<\/p>\n<p><span style=\"font-weight: 400\">Conforme dados do Fundo, um pacote de pol\u00edticas p\u00fablicas voltado para a economia verde aumenta a produ\u00e7\u00e3o nos primeiros 15 anos em cerca de 0,7% do PIB global a cada ano (em m\u00e9dia, durante esse per\u00edodo). Com isso, o PIB real global, &#8220;poder\u00e1 crescer 120% nos pr\u00f3ximos 30 anos, por conta dos est\u00edmulos fiscais para uma economia verde&#8221;.<\/span><\/p>\n<p>&nbsp;<\/p>\n<p><span style=\"font-weight: 400\">O organismo internacional tamb\u00e9m reconheceu que, com a crise atual, houve uma grande retra\u00e7\u00e3o no investimento, mas as pol\u00edticas p\u00fablicas podem garantir que uma recupera\u00e7\u00e3o de gastos consistentes com a descarboniza\u00e7\u00e3o do planeta, proporcionando sinais de pre\u00e7os corretos e outros incentivos financeiros nesse sentido. Para o Fundo, um est\u00edmulo fiscal ainda ser\u00e1 necess\u00e1rio a<\/span><span style=\"font-weight: 400\">p\u00f3s a pandemia, e, como isso,\u00a0haver\u00e1 uma oportunidade para impulsionar \u201ca infraestrutura p\u00fablica verde e resiliente\u201d se houver um direcionamento dos recursos para essa agenda.<\/span><\/p>\n<p>&nbsp;<\/p>\n<p><span style=\"font-weight: 400\">Nesse sentido, o FMI refor\u00e7ou que a meta de reduzir as emiss\u00f5es l\u00edquidas de carbono a zero at\u00e9 2050 ser\u00e1 uma oportunidade para os governos desenharem pol\u00edticas p\u00fablicas de mitiga\u00e7\u00e3o das mudan\u00e7as clim\u00e1ticas, principalmente, combinado ferramentas focadas na precifica\u00e7\u00e3o do carbono e nos subs\u00eddios ao desenvolvimento que permitam um mundo p\u00f3s-covid mais sustent\u00e1vel, direcionados para a economia verde.<\/span><\/p>\n<p>&nbsp;<\/p>\n<p><span style=\"font-weight: 400\">De acordo com a institui\u00e7\u00e3o, considerando que o pre\u00e7o do carbono reduz o valor real do Produto Interno Bruto (PIB), aumentando o custo da energia, o est\u00edmulo fiscal para a economia verde dever\u00e1 impulsiona o PIB, tanto direta quanto indiretamente. Em primeiro lugar, adicionando diretamente valor agregado ao PIB por meio de aumento de gasto p\u00fablico e de investimento privado. Em segundo, indiretamente, reduzindo os custos de transi\u00e7\u00e3o para uma produ\u00e7\u00e3o de baixo carbono, diminuindo as emiss\u00f5es.\u00a0 <\/span><\/p>\n<p>&nbsp;<\/p>\n<p><span style=\"font-weight: 400\">\u201cO est\u00edmulo verde, primeiro, impulsiona a atividade, aumentando a demanda agregada. Depois disso, o investimento em infraestrutura verde aumenta a produtividade dos setores de baixo carbono, incentivando mais investimento privado nesses setores e aumentando o produto potencial da economia. Seus efeitos s\u00e3o grandes o suficiente para compensar confortavelmente o custo econ\u00f4mico de\u00a0<\/span><span style=\"font-weight: 400\">imposto sobre o carbono nos anos iniciais\u201d, destacou.<\/span><\/p>\n<p>&nbsp;<\/p>\n<p>&nbsp;<\/p>\n","protected":false},"excerpt":{"rendered":"<p>ROSANA HESSEL &nbsp; Em tempos de pandemia de covid-19, os desafios para a mitiga\u00e7\u00e3o das mudan\u00e7as clim\u00e1ticas aumentam, mas tamb\u00e9m criam oportunidades, na avalia\u00e7\u00e3o do Fundo Monet\u00e1rio Internacional (FMI), que, ao contr\u00e1rio de muitos negacionistas e cr\u00edticos de agendas ambientalistas, reconhece que o aquecimento do planeta \u00e9 uma realidade e est\u00e1 avan\u00e7ando de forma acelerada.\u00a0\u00a0 [&hellip;]<\/p>\n","protected":false},"author":22,"featured_media":16216,"comment_status":"open","ping_status":"closed","sticky":false,"template":"","format":"standard","meta":{"footnotes":""},"categories":[600],"tags":[4981,4982,2250,4980],"class_list":["post-16212","post","type-post","status-publish","format-standard","has-post-thumbnail","hentry","category-economia","tag-carbono","tag-economia-verde","tag-fmi","tag-mudancas-climaticas"],"_links":{"self":[{"href":"https:\/\/blogs.correiobraziliense.com.br\/vicente\/wp-json\/wp\/v2\/posts\/16212","targetHints":{"allow":["GET"]}}],"collection":[{"href":"https:\/\/blogs.correiobraziliense.com.br\/vicente\/wp-json\/wp\/v2\/posts"}],"about":[{"href":"https:\/\/blogs.correiobraziliense.com.br\/vicente\/wp-json\/wp\/v2\/types\/post"}],"author":[{"embeddable":true,"href":"https:\/\/blogs.correiobraziliense.com.br\/vicente\/wp-json\/wp\/v2\/users\/22"}],"replies":[{"embeddable":true,"href":"https:\/\/blogs.correiobraziliense.com.br\/vicente\/wp-json\/wp\/v2\/comments?post=16212"}],"version-history":[{"count":4,"href":"https:\/\/blogs.correiobraziliense.com.br\/vicente\/wp-json\/wp\/v2\/posts\/16212\/revisions"}],"predecessor-version":[{"id":16218,"href":"https:\/\/blogs.correiobraziliense.com.br\/vicente\/wp-json\/wp\/v2\/posts\/16212\/revisions\/16218"}],"wp:featuredmedia":[{"embeddable":true,"href":"https:\/\/blogs.correiobraziliense.com.br\/vicente\/wp-json\/wp\/v2\/media\/16216"}],"wp:attachment":[{"href":"https:\/\/blogs.correiobraziliense.com.br\/vicente\/wp-json\/wp\/v2\/media?parent=16212"}],"wp:term":[{"taxonomy":"category","embeddable":true,"href":"https:\/\/blogs.correiobraziliense.com.br\/vicente\/wp-json\/wp\/v2\/categories?post=16212"},{"taxonomy":"post_tag","embeddable":true,"href":"https:\/\/blogs.correiobraziliense.com.br\/vicente\/wp-json\/wp\/v2\/tags?post=16212"}],"curies":[{"name":"wp","href":"https:\/\/api.w.org\/{rel}","templated":true}]}}