{"id":16203,"date":"2020-10-07T09:27:08","date_gmt":"2020-10-07T12:27:08","guid":{"rendered":"https:\/\/blogs.correiobraziliense.com.br\/vicente\/?p=16203"},"modified":"2020-10-07T09:35:34","modified_gmt":"2020-10-07T12:35:34","slug":"cnm-arrecadacao-de-municipios-encolhe-143-no-segundo-trimestre","status":"publish","type":"post","link":"https:\/\/blogs.correiobraziliense.com.br\/vicente\/cnm-arrecadacao-de-municipios-encolhe-143-no-segundo-trimestre\/","title":{"rendered":"CNM: Arrecada\u00e7\u00e3o de munic\u00edpios encolhe 14,3% no segundo trimestre"},"content":{"rendered":"<p>ROSANA HESSEL<\/p>\n<p>&nbsp;<\/p>\n<p>A crise provocada pela pandemia de covid-19 continua afetou as receitas das prefeituras, que registram perdas na arrecada\u00e7\u00e3o dos principais tributos municipais do segundo trimestre, de acordo com levantamento da Confedera\u00e7\u00e3o Nacional de Munic\u00edpios (CNM) sobre o comportamento de impostos durante a pandemia.<\/p>\n<p>&nbsp;<\/p>\n<p>Em estudo divulgado nesta quarta-feira (07\/10), a CNM informou que a receita com os principais tributos de compet\u00eancia municipal &#8212; Imposto Sobre Servi\u00e7os (ISS), Imposto sobre Propriedade Territorial Urbana (IPTU) e Imposto sobre a Transmiss\u00e3o de Bens Im\u00f3veis (ITBI) &#8212; registrou queda de 14,3%, entre abril e junho de 2020, em rela\u00e7\u00e3o ao mesmo per\u00edodo de 2019. Segundo a entidade, os munic\u00edpios arrecadaram R$ 3,7 bilh\u00f5es a menos apenas no segundo trimestre do ano.<\/p>\n<p>&nbsp;<\/p>\n<p>A queda da com ISS foi de\u00a014,9%, entre abril e junho de 2020, na compara\u00e7\u00e3o com o mesmo per\u00edodo de 2019, passando de R$ 16,354 bilh\u00f5es para R$ 13,920 bilh\u00f5es.\u00a0Nas capitais, a retra\u00e7\u00e3o na arrecada\u00e7\u00e3o desse tributo foi de 13,5% no segundo trimestre, passando de R$ 8,772 bilh\u00f5es para R$ 7,588 bilh\u00f5es, na mesma base de compara\u00e7\u00e3o.<\/p>\n<p>&nbsp;<\/p>\n<p>No per\u00edodo pr\u00e9-pandemia no Brasil, os tr\u00eas tributos apresentaram crescimento. O ISS foi o que registrou a maior alta, de 10,5% no primeiro trimestre do ano na compara\u00e7\u00e3o com o mesmo per\u00edodo do ano anterior. De acordo com a entidade, &#8220;isso mostra que o impacto da pandemia foi bastante expressivo na arrecada\u00e7\u00e3o pr\u00f3pria dos munic\u00edpios, pois, al\u00e9m de interromper a trajet\u00f3ria de crescimento dos primeiros tr\u00eas meses do ano, trouxe queda significativa no trimestre seguinte&#8221;.<\/p>\n<p>&nbsp;<\/p>\n","protected":false},"excerpt":{"rendered":"<p>ROSANA HESSEL &nbsp; A crise provocada pela pandemia de covid-19 continua afetou as receitas das prefeituras, que registram perdas na arrecada\u00e7\u00e3o dos principais tributos municipais do segundo trimestre, de acordo com levantamento da Confedera\u00e7\u00e3o Nacional de Munic\u00edpios (CNM) sobre o comportamento de impostos durante a pandemia. &nbsp; Em estudo divulgado nesta quarta-feira (07\/10), a CNM [&hellip;]<\/p>\n","protected":false},"author":22,"featured_media":16205,"comment_status":"open","ping_status":"closed","sticky":false,"template":"","format":"standard","meta":{"footnotes":""},"categories":[600],"tags":[297,581,660],"class_list":["post-16203","post","type-post","status-publish","format-standard","has-post-thumbnail","hentry","category-economia","tag-arrecadacao","tag-municipios","tag-receita"],"_links":{"self":[{"href":"https:\/\/blogs.correiobraziliense.com.br\/vicente\/wp-json\/wp\/v2\/posts\/16203","targetHints":{"allow":["GET"]}}],"collection":[{"href":"https:\/\/blogs.correiobraziliense.com.br\/vicente\/wp-json\/wp\/v2\/posts"}],"about":[{"href":"https:\/\/blogs.correiobraziliense.com.br\/vicente\/wp-json\/wp\/v2\/types\/post"}],"author":[{"embeddable":true,"href":"https:\/\/blogs.correiobraziliense.com.br\/vicente\/wp-json\/wp\/v2\/users\/22"}],"replies":[{"embeddable":true,"href":"https:\/\/blogs.correiobraziliense.com.br\/vicente\/wp-json\/wp\/v2\/comments?post=16203"}],"version-history":[{"count":6,"href":"https:\/\/blogs.correiobraziliense.com.br\/vicente\/wp-json\/wp\/v2\/posts\/16203\/revisions"}],"predecessor-version":[{"id":16210,"href":"https:\/\/blogs.correiobraziliense.com.br\/vicente\/wp-json\/wp\/v2\/posts\/16203\/revisions\/16210"}],"wp:featuredmedia":[{"embeddable":true,"href":"https:\/\/blogs.correiobraziliense.com.br\/vicente\/wp-json\/wp\/v2\/media\/16205"}],"wp:attachment":[{"href":"https:\/\/blogs.correiobraziliense.com.br\/vicente\/wp-json\/wp\/v2\/media?parent=16203"}],"wp:term":[{"taxonomy":"category","embeddable":true,"href":"https:\/\/blogs.correiobraziliense.com.br\/vicente\/wp-json\/wp\/v2\/categories?post=16203"},{"taxonomy":"post_tag","embeddable":true,"href":"https:\/\/blogs.correiobraziliense.com.br\/vicente\/wp-json\/wp\/v2\/tags?post=16203"}],"curies":[{"name":"wp","href":"https:\/\/api.w.org\/{rel}","templated":true}]}}