{"id":16182,"date":"2020-10-06T11:24:42","date_gmt":"2020-10-06T14:24:42","guid":{"rendered":"https:\/\/blogs.correiobraziliense.com.br\/vicente\/?p=16182"},"modified":"2020-10-06T11:24:42","modified_gmt":"2020-10-06T14:24:42","slug":"cnc-estima-queda-de-48-nas-vendas-para-o-dia-das-criancas","status":"publish","type":"post","link":"https:\/\/blogs.correiobraziliense.com.br\/vicente\/cnc-estima-queda-de-48-nas-vendas-para-o-dia-das-criancas\/","title":{"rendered":"CNC estima queda de 4,8% nas vendas para o Dia das Crian\u00e7as"},"content":{"rendered":"<h2>ROSANA HESSEL<\/h2>\n<h2><\/h2>\n<h2>Levantamento da Confedera\u00e7\u00e3o Nacional do Com\u00e9rcio de Bens, Servi\u00e7os e Turismo (CNC) estima que o volume de vendas voltadas para o pr\u00f3ximo Dia das Crian\u00e7as dever\u00e1 encolher 4,8% em\u00a0rela\u00e7\u00e3o ao mesmo per\u00edodo de 2019.<\/h2>\n<p>&nbsp;<\/p>\n<p>A CNC prev\u00ea um faturamento de R$ 6,2 bilh\u00f5es na data, conforme estimativas divulgadas nesta ter\u00e7a-feira (6\/10). Se confirmado, esse seria o primeiro desempenho negativo das vendas para a\u00a0data nos \u00faltimos quatro anos. Em 2016, a queda foi de 8,1%, em termos reais (descontada a infla\u00e7\u00e3o).\u00a0O Dia das Crian\u00e7as \u00e9 a terceira data mais\u00a0importante do calend\u00e1rio do varejo nacional, atr\u00e1s apenas do Natal e do Dia das M\u00e3es.<\/p>\n<p>&nbsp;<\/p>\n<p>&#8220;Essa \u00e9 a primeira queda em quatro anos, mas, quando comparamos com outras datas comemorativas, o recuo \u00e9 menos acentuado do que a m\u00e9dia registrada na P\u00e1scoa e no Dia das M\u00e3es, de 30% a 40% neste ano&#8221;, avaliou o economista da CNC Fabio Bentes, em entrevista ao <strong>Blog<\/strong>. Ele lembrou que, a despeito dos juros e da infla\u00e7\u00e3o oficial em patamares historicamente baixos, o mercado de trabalho travado \u00e9 um dos principais motivos para a queda nas vendas do com\u00e9rcio em geral.<\/p>\n<p>&nbsp;<\/p>\n<p>Dados da CNC mostram que o desemprego em alta, o aumento da informalidade e a subutiliza\u00e7\u00e3o da for\u00e7a de trabalho, continuam sendo um desafio para o com\u00e9rcio n\u00e3o apenas para esta data\u00a0comemorativa, mas para as demais deste ano. A queda do valor do aux\u00edlio emergencial a partir de setembro\u00a0tamb\u00e9m dever\u00e1 dificultar a retomada das vendas mesmo em um cen\u00e1rio de infla\u00e7\u00e3o e juros baixos, de acordo com a entidade.<\/p>\n<p>&nbsp;<\/p>\n<p>De acordo com dados da CNC, o estado de S\u00e3o Paulo dever\u00e1 corresponder pela maior fatia do faturamento do com\u00e9rcio, de R$ 1,77 bilh\u00e3o, seguido por Minas Gerais (R$ 667,3 milh\u00f5es), Rio de Janeiro (R$ 514,1\u00a0milh\u00f5es) e Rio Grande do Sul (R$ 454 milh\u00f5es). Juntos, dever\u00e3o responder por mais da metade (54,8%) do\u00a0total movimentado com a data neste ano.<\/p>\n<p>&nbsp;<\/p>\n","protected":false},"excerpt":{"rendered":"<p>ROSANA HESSEL Levantamento da Confedera\u00e7\u00e3o Nacional do Com\u00e9rcio de Bens, Servi\u00e7os e Turismo (CNC) estima que o volume de vendas voltadas para o pr\u00f3ximo Dia das Crian\u00e7as dever\u00e1 encolher 4,8% em\u00a0rela\u00e7\u00e3o ao mesmo per\u00edodo de 2019. &nbsp; A CNC prev\u00ea um faturamento de R$ 6,2 bilh\u00f5es na data, conforme estimativas divulgadas nesta ter\u00e7a-feira (6\/10). Se [&hellip;]<\/p>\n","protected":false},"author":22,"featured_media":11785,"comment_status":"open","ping_status":"closed","sticky":false,"template":"","format":"standard","meta":{"footnotes":""},"categories":[600],"tags":[28,4976,589,1342,3929],"class_list":["post-16182","post","type-post","status-publish","format-standard","has-post-thumbnail","hentry","category-economia","tag-cnc","tag-dia-das-criancas","tag-economia","tag-varejo","tag-vendas"],"_links":{"self":[{"href":"https:\/\/blogs.correiobraziliense.com.br\/vicente\/wp-json\/wp\/v2\/posts\/16182","targetHints":{"allow":["GET"]}}],"collection":[{"href":"https:\/\/blogs.correiobraziliense.com.br\/vicente\/wp-json\/wp\/v2\/posts"}],"about":[{"href":"https:\/\/blogs.correiobraziliense.com.br\/vicente\/wp-json\/wp\/v2\/types\/post"}],"author":[{"embeddable":true,"href":"https:\/\/blogs.correiobraziliense.com.br\/vicente\/wp-json\/wp\/v2\/users\/22"}],"replies":[{"embeddable":true,"href":"https:\/\/blogs.correiobraziliense.com.br\/vicente\/wp-json\/wp\/v2\/comments?post=16182"}],"version-history":[{"count":5,"href":"https:\/\/blogs.correiobraziliense.com.br\/vicente\/wp-json\/wp\/v2\/posts\/16182\/revisions"}],"predecessor-version":[{"id":16187,"href":"https:\/\/blogs.correiobraziliense.com.br\/vicente\/wp-json\/wp\/v2\/posts\/16182\/revisions\/16187"}],"wp:featuredmedia":[{"embeddable":true,"href":"https:\/\/blogs.correiobraziliense.com.br\/vicente\/wp-json\/wp\/v2\/media\/11785"}],"wp:attachment":[{"href":"https:\/\/blogs.correiobraziliense.com.br\/vicente\/wp-json\/wp\/v2\/media?parent=16182"}],"wp:term":[{"taxonomy":"category","embeddable":true,"href":"https:\/\/blogs.correiobraziliense.com.br\/vicente\/wp-json\/wp\/v2\/categories?post=16182"},{"taxonomy":"post_tag","embeddable":true,"href":"https:\/\/blogs.correiobraziliense.com.br\/vicente\/wp-json\/wp\/v2\/tags?post=16182"}],"curies":[{"name":"wp","href":"https:\/\/api.w.org\/{rel}","templated":true}]}}