{"id":1618,"date":"2016-06-23T19:51:53","date_gmt":"2016-06-23T22:51:53","guid":{"rendered":"https:\/\/blogs.correiobraziliense.com.br\/vicente\/?p=1618"},"modified":"2016-06-24T00:01:02","modified_gmt":"2016-06-24T03:01:02","slug":"petros-fundo-de-pensao-da-petrobras-tem-rombo-de-r-231-bi","status":"publish","type":"post","link":"https:\/\/blogs.correiobraziliense.com.br\/vicente\/petros-fundo-de-pensao-da-petrobras-tem-rombo-de-r-231-bi\/","title":{"rendered":"Petros, fundo de pens\u00e3o da Petrobras, tem rombo de R$ 23,1 bi"},"content":{"rendered":"<p>POR ANTONIO TEM\u00d3TEO<\/p>\n<p>&nbsp;<\/p>\n<p>A onda de preju\u00edzos nos fundos de pens\u00e3o parece n\u00e3o ter fim. A Petros, respons\u00e1vel pela aposentadoria dos empregados da Petrobras, registrou rombo de R$ 23,1 bilh\u00f5es em 2015. Foi o terceiro ano consecutivo de preju\u00edzos. Com isso, os funcion\u00e1rios da petroleira ter\u00e3o que fazer contribui\u00e7\u00f5es extras \u00e0 funda\u00e7\u00e3o. A Petrobras ser\u00e1 obrigada a desembolsar R$ 8 bilh\u00f5es em at\u00e9 18 anos.<\/p>\n<p>&nbsp;<\/p>\n<p>Segundo integrantes da Petros, o buraco no caixa \u00e9 resultado da m\u00e1 gest\u00e3o e de desvios ao longo dos governos petistas. N\u00e3o \u00e0 toa, o balan\u00e7o da funda\u00e7\u00e3o foi publicado cheio de ressalvas pela empresa de auditoria independente PriceWaterhouse &amp; Coopers (PwC).<\/p>\n<p>&nbsp;<\/p>\n<p>A Petros engrossa o time de fundos de estatais que est\u00e3o operando no vermelho por causa de desmandos oriundos de indica\u00e7\u00f5es pol\u00edticas para as diretorias. Est\u00e3o na lista Funcef (Caixa Econ\u00f4mica Federal), Previ (Banco do Brasil) e Postalis (Correios).<\/p>\n<p>&nbsp;<\/p>\n<p>&nbsp;<\/p>\n","protected":false},"excerpt":{"rendered":"<p>POR ANTONIO TEM\u00d3TEO &nbsp; A onda de preju\u00edzos nos fundos de pens\u00e3o parece n\u00e3o ter fim. A Petros, respons\u00e1vel pela aposentadoria dos empregados da Petrobras, registrou rombo de R$ 23,1 bilh\u00f5es em 2015. Foi o terceiro ano consecutivo de preju\u00edzos. Com isso, os funcion\u00e1rios da petroleira ter\u00e3o que fazer contribui\u00e7\u00f5es extras \u00e0 funda\u00e7\u00e3o. A Petrobras [&hellip;]<\/p>\n","protected":false},"author":22,"featured_media":0,"comment_status":"open","ping_status":"closed","sticky":false,"template":"","format":"standard","meta":{"footnotes":""},"categories":[1],"tags":[374,375,376,178,228,371,259,372,377,373],"class_list":["post-1618","post","type-post","status-publish","format-standard","hentry","category-sem-categoria","tag-1-bilhoes","tag-2015-funcef","tag-empregados","tag-fundos-de-pensao","tag-petrobras","tag-petros","tag-postalis","tag-prejuizo","tag-previ","tag-r-23"],"_links":{"self":[{"href":"https:\/\/blogs.correiobraziliense.com.br\/vicente\/wp-json\/wp\/v2\/posts\/1618","targetHints":{"allow":["GET"]}}],"collection":[{"href":"https:\/\/blogs.correiobraziliense.com.br\/vicente\/wp-json\/wp\/v2\/posts"}],"about":[{"href":"https:\/\/blogs.correiobraziliense.com.br\/vicente\/wp-json\/wp\/v2\/types\/post"}],"author":[{"embeddable":true,"href":"https:\/\/blogs.correiobraziliense.com.br\/vicente\/wp-json\/wp\/v2\/users\/22"}],"replies":[{"embeddable":true,"href":"https:\/\/blogs.correiobraziliense.com.br\/vicente\/wp-json\/wp\/v2\/comments?post=1618"}],"version-history":[{"count":4,"href":"https:\/\/blogs.correiobraziliense.com.br\/vicente\/wp-json\/wp\/v2\/posts\/1618\/revisions"}],"predecessor-version":[{"id":1622,"href":"https:\/\/blogs.correiobraziliense.com.br\/vicente\/wp-json\/wp\/v2\/posts\/1618\/revisions\/1622"}],"wp:attachment":[{"href":"https:\/\/blogs.correiobraziliense.com.br\/vicente\/wp-json\/wp\/v2\/media?parent=1618"}],"wp:term":[{"taxonomy":"category","embeddable":true,"href":"https:\/\/blogs.correiobraziliense.com.br\/vicente\/wp-json\/wp\/v2\/categories?post=1618"},{"taxonomy":"post_tag","embeddable":true,"href":"https:\/\/blogs.correiobraziliense.com.br\/vicente\/wp-json\/wp\/v2\/tags?post=1618"}],"curies":[{"name":"wp","href":"https:\/\/api.w.org\/{rel}","templated":true}]}}