{"id":16176,"date":"2020-10-06T10:54:33","date_gmt":"2020-10-06T13:54:33","guid":{"rendered":"https:\/\/blogs.correiobraziliense.com.br\/vicente\/?p=16176"},"modified":"2020-10-06T10:55:07","modified_gmt":"2020-10-06T13:55:07","slug":"mercados-reagem-positivamente-a-tregua-entre-maia-e-guedes","status":"publish","type":"post","link":"https:\/\/blogs.correiobraziliense.com.br\/vicente\/mercados-reagem-positivamente-a-tregua-entre-maia-e-guedes\/","title":{"rendered":"Mercados reagem positivamente \u00e0 tr\u00e9gua entre Maia e Guedes"},"content":{"rendered":"<p>ROSANA HESSEL<\/p>\n<p>&nbsp;<\/p>\n<p>A reconcilia\u00e7\u00e3o entre o ministro da Economia, Paulo Guedes, e o presidente da C\u00e2mara dos Deputados, Rodrigo Maia (DEM-RJ), anunciada ontem \u00e0 noite durante um jantar na casa do ministro do Tribunal de Contas da Uni\u00e3o (TCU) Bruno Dantas, animou os operadores do mercado nesta ter\u00e7a-feira (06\/10). A Bolsa de Valores de S\u00e3o Paulo (B3),\u00a0 subia quase 1% e girava acima de 97 mil pontos , poucos minutos ap\u00f3s a abertura, e, enquanto isso, o d\u00f3lar e os juros futuros caiam.<\/p>\n<p>&nbsp;<\/p>\n<p>Maia e Guedes s\u00e3o os principais defensores do teto de gastos &#8212; emenda constitucional que limita o crescimento das despesas \u00e0 infla\u00e7\u00e3o do ano anterior. Em meio \u00e0 pandemia provocada pela covid-19, o compromisso de manuten\u00e7\u00e3o da regra \u00e9 o \u00fanico sinal de comprometimento do governo com a responsabilidade fiscal. A troca de farpas entre os dois nas \u00faltimas semanas ajudou a aumentar a desconfian\u00e7a do mercado. A B3 vinha registrando perdas consecutivas, ficando mais perto de 90 mil pontos do que de 100 mil pontos.<\/p>\n<p>&nbsp;<\/p>\n<p>No Or\u00e7amento de 2021 o quadro fiscal \u00e9 bastante preocupante, devido ao aumento dos riscos de explos\u00e3o do endividamento do pa\u00eds. O governo prev\u00ea que a meta de resultado prim\u00e1rio ser\u00e1 flex\u00edvel ainda pretende pedir autoriza\u00e7\u00e3o para o Congresso para emitir R$ 453,7 bilh\u00f5es em cr\u00e9ditos extraordin\u00e1rios que extrapolam o limite de endividamento para o cumprimento da regra de ouro, que pro\u00edbe o governo emitir t\u00edtulos p\u00fablicos para o pagamento de gastos correntes, como sal\u00e1rios e aposentadorias.<\/p>\n<p>&nbsp;<\/p>\n<p>O Fundo Monet\u00e1rio Internacional (FMI), que acaba de revisar de 9,1% para 5,8% a estimativa de retra\u00e7\u00e3o do Produto Interno Bruto (PIB) deste ano, fez um alerta, ontem, sobre os riscos fiscais, pois prev\u00ea a d\u00edvida p\u00fablica bruta encostando em 100% do PIB no fim de 2020. Esse patamar \u00e9 insustent\u00e1vel para pa\u00edses emergentes e afugenta os investidores.<\/p>\n<p>&nbsp;<\/p>\n<p>O cen\u00e1rio fiscal nada animador n\u00e3o tem espa\u00e7o para a cria\u00e7\u00e3o de um novo programa de assist\u00eancia social, como o Renda Cidad\u00e3, que dever\u00e1 substituir o Bolsa Fam\u00edlia, sem que o teto de gastos pare em p\u00e9, apesar das promessas de manuten\u00e7\u00e3o da regra tanto do governo quanto de Maia, de acordo com especialistas. Eles lembram que, mesmo se houver aumento de imposto ou redu\u00e7\u00e3o de subs\u00eddios, isso n\u00e3o ajudar\u00e1 no cumprimento da regra do teto.<\/p>\n<p>&nbsp;<\/p>\n<p>As economistas T<span style=\"font-weight: 400\">atiana Roque, vice-presidente da Rede Brasileira de Renda B\u00e1sica, e Monica de Bolle pesquisadora s\u00eanior do Peterson Institute for International Economics, de Washington, acreditam que, em algum momento, o teto ser\u00e1 rompido devido \u00e0 falta de recursos. <\/span><\/p>\n<p>&nbsp;<\/p>\n<p><span style=\"font-weight: 400\">Ambas\u00a0<\/span><span style=\"font-weight: 400\">criticam as propostas de Guedes para a cria\u00e7\u00e3o de um novo imposto digital, nos moldes da Contribui\u00e7\u00e3o Provis\u00f3ria sobre Movimenta\u00e7\u00e3o Financeira (CPMF), uma fixa\u00e7\u00e3o do ministro sob a desculpa de combater a sonega\u00e7\u00e3o em vez de taxar, por exemplo, dividendos para reduzir a desigualdade.\u00a0<\/span><\/p>\n<p><span style=\"font-weight: 400\">\u00a0<\/span><\/p>\n<p><span style=\"font-weight: 400\">\u201cA CPMF \u00e9 um tributo que recai sobre os mais pobres e refor\u00e7a o nosso problema de desigualdade\u201d, criticou Tatiana. &#8220;Uma nova CPMF\u00a0<\/span>\u00e9 uma imbecilidade absoluta, porque vai diretamente para as pessoas que ser\u00e3o beneficiadas pelo novo programa de distribui\u00e7\u00e3o de renda. \u00c9 uma ideia de quem n\u00e3o entende o problema e n\u00e3o consegue encontrar uma solu\u00e7\u00e3o de financiamento&#8221;, destacou Monica.<\/p>\n<p>&nbsp;<\/p>\n<p>O economista e ex-ministro da Fazenda Ma\u00edlson da N\u00f3brega tamb\u00e9m refor\u00e7ou as cr\u00edticas ao novo tributo, porque ele incide mais sobre o consumo, e, com isso, vai travar a retomada da economia dessa crise em que o mundo est\u00e1 mergulhado. \u201cN\u00e3o existe um consenso favor\u00e1vel a essa nova CPMF. S\u00f3 conhe\u00e7o dois economistas que a defendem: Paulo Guedes e Marcos Cintra (ex-secret\u00e1rio especial da Receita Federal)\u201d, disse.<\/p>\n<p>&nbsp;<\/p>\n<p><span style=\"font-weight: 400\">Vale lembrar que Maia tamb\u00e9m \u00e9 contra a volta da CPMF e j\u00e1 disse v\u00e1rias vezes que, enquanto estiver na presid\u00eancia da C\u00e2mara, esse assunto n\u00e3o ser\u00e1 pautado pela Casa. E esse \u00e9 um dos motivos de atrito dele com Guedes e, por conta disso, o ministro enviou apenas uma parte da reforma tribut\u00e1ria que prometeu no ano passado at\u00e9 agora. Resta conferir at\u00e9 quando a bandeira branca entre os dois estar\u00e1 levantada.<\/span><\/p>\n","protected":false},"excerpt":{"rendered":"<p>ROSANA HESSEL &nbsp; A reconcilia\u00e7\u00e3o entre o ministro da Economia, Paulo Guedes, e o presidente da C\u00e2mara dos Deputados, Rodrigo Maia (DEM-RJ), anunciada ontem \u00e0 noite durante um jantar na casa do ministro do Tribunal de Contas da Uni\u00e3o (TCU) Bruno Dantas, animou os operadores do mercado nesta ter\u00e7a-feira (06\/10). A Bolsa de Valores de [&hellip;]<\/p>\n","protected":false},"author":22,"featured_media":16178,"comment_status":"open","ping_status":"closed","sticky":false,"template":"","format":"standard","meta":{"footnotes":""},"categories":[600],"tags":[2740,2393,2254,3613,656],"class_list":["post-16176","post","type-post","status-publish","format-standard","has-post-thumbnail","hentry","category-economia","tag-b3","tag-bolsa","tag-mercados","tag-paulo-guedes","tag-rodrigo-maia"],"_links":{"self":[{"href":"https:\/\/blogs.correiobraziliense.com.br\/vicente\/wp-json\/wp\/v2\/posts\/16176","targetHints":{"allow":["GET"]}}],"collection":[{"href":"https:\/\/blogs.correiobraziliense.com.br\/vicente\/wp-json\/wp\/v2\/posts"}],"about":[{"href":"https:\/\/blogs.correiobraziliense.com.br\/vicente\/wp-json\/wp\/v2\/types\/post"}],"author":[{"embeddable":true,"href":"https:\/\/blogs.correiobraziliense.com.br\/vicente\/wp-json\/wp\/v2\/users\/22"}],"replies":[{"embeddable":true,"href":"https:\/\/blogs.correiobraziliense.com.br\/vicente\/wp-json\/wp\/v2\/comments?post=16176"}],"version-history":[{"count":3,"href":"https:\/\/blogs.correiobraziliense.com.br\/vicente\/wp-json\/wp\/v2\/posts\/16176\/revisions"}],"predecessor-version":[{"id":16180,"href":"https:\/\/blogs.correiobraziliense.com.br\/vicente\/wp-json\/wp\/v2\/posts\/16176\/revisions\/16180"}],"wp:featuredmedia":[{"embeddable":true,"href":"https:\/\/blogs.correiobraziliense.com.br\/vicente\/wp-json\/wp\/v2\/media\/16178"}],"wp:attachment":[{"href":"https:\/\/blogs.correiobraziliense.com.br\/vicente\/wp-json\/wp\/v2\/media?parent=16176"}],"wp:term":[{"taxonomy":"category","embeddable":true,"href":"https:\/\/blogs.correiobraziliense.com.br\/vicente\/wp-json\/wp\/v2\/categories?post=16176"},{"taxonomy":"post_tag","embeddable":true,"href":"https:\/\/blogs.correiobraziliense.com.br\/vicente\/wp-json\/wp\/v2\/tags?post=16176"}],"curies":[{"name":"wp","href":"https:\/\/api.w.org\/{rel}","templated":true}]}}