{"id":16144,"date":"2020-10-02T15:28:41","date_gmt":"2020-10-02T18:28:41","guid":{"rendered":"https:\/\/blogs.correiobraziliense.com.br\/vicente\/?p=16144"},"modified":"2020-10-02T16:41:06","modified_gmt":"2020-10-02T19:41:06","slug":"consumo-em-restaurantes-teve-queda-de-265-em-agosto-segundo-alelo","status":"publish","type":"post","link":"https:\/\/blogs.correiobraziliense.com.br\/vicente\/consumo-em-restaurantes-teve-queda-de-265-em-agosto-segundo-alelo\/","title":{"rendered":"Consumo em restaurantes teve queda de 26,5% em agosto, segundo Alelo"},"content":{"rendered":"<p>ROSANA HESSEL<\/p>\n<p>Apesar de o governo insistir em afirmar que a economia j\u00e1 est\u00e1 se recuperando rapidamente\u00a0no terceiro trimestre ap\u00f3s a reabertura, em meio \u00e0 pandemia de covid-19, dados sobre consumo em estabelecimentos comerciais mostram uma retomada mais gradual. Dados de uma pesquisa da Funda\u00e7\u00e3o Instituto de Pesquisas Econ\u00f4micas (Fipe), em parceria com a Alelo, bandeira especializada em benef\u00edcios corporativos, mostram que o consumo em restaurantes n\u00e3o deve se recuperar t\u00e3o cedo do tombo durante o auge da pandemia e do isolamento social.<\/p>\n<p>&nbsp;<\/p>\n<p>Conforme a pesquisa mensal da Alelo, divulgada\u00a0nesta sexta-feira (2\/10), o consumo em restaurantes ficou 26,5% abaixo do registrado em agosto de 2019. Em julho, essa queda estava em 27,5%.\u00a0O levantamento mensal, iniciado em maio, tem como base as transa\u00e7\u00f5es di\u00e1rias realizadas a partir da utiliza\u00e7\u00e3o dos cart\u00f5es Alelo Alimenta\u00e7\u00e3o e Alelo Refei\u00e7\u00e3o em todo o territ\u00f3rio nacional.<\/p>\n<p>&nbsp;<\/p>\n<p>O volume de transa\u00e7\u00f5es realizadas com o benef\u00edcio refei\u00e7\u00e3o, na compara\u00e7\u00e3o com agosto de 2019, teve queda de 47,8% .\u00a0\u00a0&#8220;Novamente, a leitura desses n\u00fameros ainda bastante negativos deve ser contextualizada com as restri\u00e7\u00f5es remanescentes sobre a livre opera\u00e7\u00e3o das atividades desse segmento, aliada \u00e0 menor exposi\u00e7\u00e3o dos consumidores e afastamento de trabalhadores dos seus locais de trabalho&#8221;, destacou Ces\u00e1rio Nakamura, presidente da Alelo, em comunicado da companhia.<\/p>\n<p>&nbsp;<\/p>\n<p>O consumo em supermercados encerrou o per\u00edodo com aumento de 5,8% no valor total gasto, na compara\u00e7\u00e3o com agosto de 2019, enquanto o n\u00famero de estabelecimentos que realizaram transa\u00e7\u00f5es utilizando como meio de pagamento o benef\u00edcio alimenta\u00e7\u00e3o permaneceu praticamente est\u00e1vel no per\u00edodo, com varia\u00e7\u00e3o positiva de 0,4%<\/p>\n<p>&nbsp;<\/p>\n<p>O estudo revela ainda que\u00a0as regi\u00f5es com maior queda no consumo foram a Sul, de 30,3%, e o Nordeste, de 28,2%., nas compara\u00e7\u00f5es com agosto de 2019 Enquanto isso, os recuos no Norte e no Centro-Oeste foram de 16,4% e de 23,8%, respectivamente, na mesma base de compara\u00e7\u00e3o. A regi\u00e3o Sudeste ocupou posi\u00e7\u00e3o intermedi\u00e1ria no ranking, com queda de 26,6%. No Distrito Federal, a queda foi de 26,3%.<\/p>\n","protected":false},"excerpt":{"rendered":"<p>ROSANA HESSEL Apesar de o governo insistir em afirmar que a economia j\u00e1 est\u00e1 se recuperando rapidamente\u00a0no terceiro trimestre ap\u00f3s a reabertura, em meio \u00e0 pandemia de covid-19, dados sobre consumo em estabelecimentos comerciais mostram uma retomada mais gradual. Dados de uma pesquisa da Funda\u00e7\u00e3o Instituto de Pesquisas Econ\u00f4micas (Fipe), em parceria com a Alelo, [&hellip;]<\/p>\n","protected":false},"author":22,"featured_media":11038,"comment_status":"open","ping_status":"closed","sticky":false,"template":"","format":"standard","meta":{"footnotes":""},"categories":[600],"tags":[1673,2341,179,589,4510,279],"class_list":["post-16144","post","type-post","status-publish","format-standard","has-post-thumbnail","hentry","category-economia","tag-alelo","tag-consumo","tag-crise","tag-economia","tag-pandemia","tag-queda"],"_links":{"self":[{"href":"https:\/\/blogs.correiobraziliense.com.br\/vicente\/wp-json\/wp\/v2\/posts\/16144","targetHints":{"allow":["GET"]}}],"collection":[{"href":"https:\/\/blogs.correiobraziliense.com.br\/vicente\/wp-json\/wp\/v2\/posts"}],"about":[{"href":"https:\/\/blogs.correiobraziliense.com.br\/vicente\/wp-json\/wp\/v2\/types\/post"}],"author":[{"embeddable":true,"href":"https:\/\/blogs.correiobraziliense.com.br\/vicente\/wp-json\/wp\/v2\/users\/22"}],"replies":[{"embeddable":true,"href":"https:\/\/blogs.correiobraziliense.com.br\/vicente\/wp-json\/wp\/v2\/comments?post=16144"}],"version-history":[{"count":1,"href":"https:\/\/blogs.correiobraziliense.com.br\/vicente\/wp-json\/wp\/v2\/posts\/16144\/revisions"}],"predecessor-version":[{"id":16145,"href":"https:\/\/blogs.correiobraziliense.com.br\/vicente\/wp-json\/wp\/v2\/posts\/16144\/revisions\/16145"}],"wp:featuredmedia":[{"embeddable":true,"href":"https:\/\/blogs.correiobraziliense.com.br\/vicente\/wp-json\/wp\/v2\/media\/11038"}],"wp:attachment":[{"href":"https:\/\/blogs.correiobraziliense.com.br\/vicente\/wp-json\/wp\/v2\/media?parent=16144"}],"wp:term":[{"taxonomy":"category","embeddable":true,"href":"https:\/\/blogs.correiobraziliense.com.br\/vicente\/wp-json\/wp\/v2\/categories?post=16144"},{"taxonomy":"post_tag","embeddable":true,"href":"https:\/\/blogs.correiobraziliense.com.br\/vicente\/wp-json\/wp\/v2\/tags?post=16144"}],"curies":[{"name":"wp","href":"https:\/\/api.w.org\/{rel}","templated":true}]}}