{"id":16132,"date":"2020-10-02T10:17:45","date_gmt":"2020-10-02T13:17:45","guid":{"rendered":"https:\/\/blogs.correiobraziliense.com.br\/vicente\/?p=16132"},"modified":"2020-10-02T10:27:06","modified_gmt":"2020-10-02T13:27:06","slug":"ibovespa-abre-em-queda-apos-trump-testar-positivo-para-covid","status":"publish","type":"post","link":"https:\/\/blogs.correiobraziliense.com.br\/vicente\/ibovespa-abre-em-queda-apos-trump-testar-positivo-para-covid\/","title":{"rendered":"IBovespa abre em queda ap\u00f3s Trump testar positivo para covid"},"content":{"rendered":"<p><span style=\"font-weight: 400\">ROSANA HESSEL<\/span><\/p>\n<p>&nbsp;<\/p>\n<p><span style=\"font-weight: 400\">Os mercados internacionais ficaram nervosos nessa sexta-feira (2\/10) ap\u00f3s a not\u00edcia de que o presidente dos Estados Unidos, Donald Trump, confirmou ter testado positivo para a covid-19.<\/span><\/p>\n<p>&nbsp;<\/p>\n<p>No Brasil, a Bolsa de Valores de S\u00e3o Paulo (B3) abriu com queda acompanhando as bolsas da Europa e, em menos de 10 minutos de preg\u00e3o, j\u00e1 estava abaixo de 95 mil pontos e operadores estavam preocupados com o que poderia ocorre ao longo do dia, apesar de as expectativas serem de alta um dia depois de o Supremo Tribunal Federal (STF) autorizar, em vota\u00e7\u00e3o apertada, a venda de refinarias da Petrobras contestada pelo Congresso. \u00c0s 10h10, o \u00cdndice Bovespa, principal indicador da B3, recuava quase 1%, a 94.594 pontos. O d\u00f3lar abriu inst\u00e1vel, cotado a R$ 5,64.<\/p>\n<p>&nbsp;<\/p>\n<p>Logo pela manh\u00e3 de hoje, o presidente norte-americano, por meio das redes sociais, que ele e a primeira-dama Melania Trump testarem positivo para a covid-19 e &#8220;estavam iniciando o processo de quarentena imediatamente&#8221;. &#8220;N\u00f3s vamos superar isso juntos&#8221;, escreveu.<\/p>\n<p>&nbsp;<\/p>\n<p><span style=\"font-weight: 400\">Enquanto Nova York n\u00e3o abria, as bolsas europeias operavam no vermelho, com a Alemanha liderando as perdas. O o \u00cdndice DAX, de Frankfurt, recuava mais de 1%. Na Oceania, Sidney caia 1,4%. Os mercados asi\u00e1ticos operavam entre perdas e ganhos. Seul, Taiwan e Hong Kong, estavam no azul. J\u00e1 T\u00f3quio e Xangai, no vermelho.<\/span><\/p>\n<p>&nbsp;<\/p>\n","protected":false},"excerpt":{"rendered":"<p>ROSANA HESSEL &nbsp; Os mercados internacionais ficaram nervosos nessa sexta-feira (2\/10) ap\u00f3s a not\u00edcia de que o presidente dos Estados Unidos, Donald Trump, confirmou ter testado positivo para a covid-19. &nbsp; No Brasil, a Bolsa de Valores de S\u00e3o Paulo (B3) abriu com queda acompanhando as bolsas da Europa e, em menos de 10 minutos [&hellip;]<\/p>\n","protected":false},"author":22,"featured_media":13319,"comment_status":"open","ping_status":"closed","sticky":false,"template":"","format":"standard","meta":{"footnotes":""},"categories":[600],"tags":[2740,2393,849,4505,2254,2311],"class_list":["post-16132","post","type-post","status-publish","format-standard","has-post-thumbnail","hentry","category-economia","tag-b3","tag-bolsa","tag-cambio","tag-covid-19","tag-mercados","tag-trump"],"_links":{"self":[{"href":"https:\/\/blogs.correiobraziliense.com.br\/vicente\/wp-json\/wp\/v2\/posts\/16132","targetHints":{"allow":["GET"]}}],"collection":[{"href":"https:\/\/blogs.correiobraziliense.com.br\/vicente\/wp-json\/wp\/v2\/posts"}],"about":[{"href":"https:\/\/blogs.correiobraziliense.com.br\/vicente\/wp-json\/wp\/v2\/types\/post"}],"author":[{"embeddable":true,"href":"https:\/\/blogs.correiobraziliense.com.br\/vicente\/wp-json\/wp\/v2\/users\/22"}],"replies":[{"embeddable":true,"href":"https:\/\/blogs.correiobraziliense.com.br\/vicente\/wp-json\/wp\/v2\/comments?post=16132"}],"version-history":[{"count":5,"href":"https:\/\/blogs.correiobraziliense.com.br\/vicente\/wp-json\/wp\/v2\/posts\/16132\/revisions"}],"predecessor-version":[{"id":16137,"href":"https:\/\/blogs.correiobraziliense.com.br\/vicente\/wp-json\/wp\/v2\/posts\/16132\/revisions\/16137"}],"wp:featuredmedia":[{"embeddable":true,"href":"https:\/\/blogs.correiobraziliense.com.br\/vicente\/wp-json\/wp\/v2\/media\/13319"}],"wp:attachment":[{"href":"https:\/\/blogs.correiobraziliense.com.br\/vicente\/wp-json\/wp\/v2\/media?parent=16132"}],"wp:term":[{"taxonomy":"category","embeddable":true,"href":"https:\/\/blogs.correiobraziliense.com.br\/vicente\/wp-json\/wp\/v2\/categories?post=16132"},{"taxonomy":"post_tag","embeddable":true,"href":"https:\/\/blogs.correiobraziliense.com.br\/vicente\/wp-json\/wp\/v2\/tags?post=16132"}],"curies":[{"name":"wp","href":"https:\/\/api.w.org\/{rel}","templated":true}]}}