{"id":1613,"date":"2016-06-23T18:25:44","date_gmt":"2016-06-23T21:25:44","guid":{"rendered":"https:\/\/blogs.correiobraziliense.com.br\/vicente\/?p=1613"},"modified":"2016-06-23T18:36:39","modified_gmt":"2016-06-23T21:36:39","slug":"itamaraty-diz-agora-que-esta-questionando-planejamento-sobre-cortes-de-beneficios","status":"publish","type":"post","link":"https:\/\/blogs.correiobraziliense.com.br\/vicente\/itamaraty-diz-agora-que-esta-questionando-planejamento-sobre-cortes-de-beneficios\/","title":{"rendered":"Itamaraty diz, agora, que est\u00e1 questionando Planejamento sobre cortes de benef\u00edcios"},"content":{"rendered":"<p>O Itamaraty reconheceu hoje a total inabilidade para lidar com seus servidores. Somente no dia em que os funcion\u00e1rios decidiram cruzar os bra\u00e7os contra o corte de benef\u00edcios que resultar\u00e1 na redu\u00e7\u00e3o de 40% no 13\u00ba sal\u00e1rio e nas f\u00e9rias de quem trabalha fora do pa\u00eds, o Minist\u00e9rio das Rela\u00e7\u00f5es Exteriores (MRE) decidiu se manifestar. E mesmo assim, por nota. O ministro Jos\u00e9 Serra sequer teve a coragem de vir a p\u00fablico prestar contas sobre o que est\u00e1 acontecendo na pasta que comanda.<\/p>\n<p>&nbsp;<\/p>\n<p>O MRE admite, agora, que est\u00e1 questionando o Planejamento, pelos meios cab\u00edveis. Diz que a &#8220;altera\u00e7\u00e3o da f\u00f3rmula de c\u00e1lculo do 13\u00ba sal\u00e1rio dos servidores lotados no exterior decorreu de parecer t\u00e9cnico da Secretaria de Or\u00e7amento Federal e de parecer da Consultoria Jur\u00eddica do Minist\u00e9rio do Planejamento&#8221;.<\/p>\n<p>&nbsp;<\/p>\n<p>Sobre o reajuste de sal\u00e1rios, que at\u00e9 agora n\u00e3o foram acertados com o governo, o MRE ressalta que a negocia\u00e7\u00e3o \u00e9 conduzida pelo Minist\u00e9rio do Planejamento diretamente com as entidades de classe. &#8220;Cabe ao Sinditamaraty a negocia\u00e7\u00e3o em nome dos integrantes do Servi\u00e7o Exterior Brasileiro&#8221;, assegura.<\/p>\n<p>&nbsp;<\/p>\n<p>O MRE admite ainda que est\u00e1 atrasando o pagamento do aux\u00edlio-moradia no exterior, devido a severas restri\u00e7\u00f5es or\u00e7ament\u00e1rio-financeiras. &#8220;O minist\u00e9rio negociou a libera\u00e7\u00e3o de cr\u00e9ditos or\u00e7ament\u00e1rios adicionais, no total de R$ 580 milh\u00f5es, valor aberto no or\u00e7amento por meio da publica\u00e7\u00e3o, no Di\u00e1rio Oficial da Uni\u00e3o de hoje, 23 de junho, da Portaria n\u00ba 187 do Minist\u00e9rio do Planejamento&#8221;. O Itamaraty garante que, a partir da libera\u00e7\u00e3o desses recursos por parte do Tesouro Nacional, os pagamentos ser\u00e3o regularizados.<\/p>\n<p>&nbsp;<\/p>\n<p><em>Bras\u00edlia, 18h25min<\/em><\/p>\n","protected":false},"excerpt":{"rendered":"<p>O Itamaraty reconheceu hoje a total inabilidade para lidar com seus servidores. Somente no dia em que os funcion\u00e1rios decidiram cruzar os bra\u00e7os contra o corte de benef\u00edcios que resultar\u00e1 na redu\u00e7\u00e3o de 40% no 13\u00ba sal\u00e1rio e nas f\u00e9rias de quem trabalha fora do pa\u00eds, o Minist\u00e9rio das Rela\u00e7\u00f5es Exteriores (MRE) decidiu se manifestar. [&hellip;]<\/p>\n","protected":false},"author":22,"featured_media":0,"comment_status":"open","ping_status":"closed","sticky":false,"template":"","format":"standard","meta":{"footnotes":""},"categories":[1],"tags":[],"class_list":["post-1613","post","type-post","status-publish","format-standard","hentry","category-sem-categoria"],"_links":{"self":[{"href":"https:\/\/blogs.correiobraziliense.com.br\/vicente\/wp-json\/wp\/v2\/posts\/1613","targetHints":{"allow":["GET"]}}],"collection":[{"href":"https:\/\/blogs.correiobraziliense.com.br\/vicente\/wp-json\/wp\/v2\/posts"}],"about":[{"href":"https:\/\/blogs.correiobraziliense.com.br\/vicente\/wp-json\/wp\/v2\/types\/post"}],"author":[{"embeddable":true,"href":"https:\/\/blogs.correiobraziliense.com.br\/vicente\/wp-json\/wp\/v2\/users\/22"}],"replies":[{"embeddable":true,"href":"https:\/\/blogs.correiobraziliense.com.br\/vicente\/wp-json\/wp\/v2\/comments?post=1613"}],"version-history":[{"count":1,"href":"https:\/\/blogs.correiobraziliense.com.br\/vicente\/wp-json\/wp\/v2\/posts\/1613\/revisions"}],"predecessor-version":[{"id":1614,"href":"https:\/\/blogs.correiobraziliense.com.br\/vicente\/wp-json\/wp\/v2\/posts\/1613\/revisions\/1614"}],"wp:attachment":[{"href":"https:\/\/blogs.correiobraziliense.com.br\/vicente\/wp-json\/wp\/v2\/media?parent=1613"}],"wp:term":[{"taxonomy":"category","embeddable":true,"href":"https:\/\/blogs.correiobraziliense.com.br\/vicente\/wp-json\/wp\/v2\/categories?post=1613"},{"taxonomy":"post_tag","embeddable":true,"href":"https:\/\/blogs.correiobraziliense.com.br\/vicente\/wp-json\/wp\/v2\/tags?post=1613"}],"curies":[{"name":"wp","href":"https:\/\/api.w.org\/{rel}","templated":true}]}}