{"id":16128,"date":"2020-10-01T12:48:40","date_gmt":"2020-10-01T15:48:40","guid":{"rendered":"https:\/\/blogs.correiobraziliense.com.br\/vicente\/?p=16128"},"modified":"2020-10-01T13:16:03","modified_gmt":"2020-10-01T16:16:03","slug":"btg-pactual-mantem-previsao-para-o-pib-mas-piora-a-de-inflacao","status":"publish","type":"post","link":"https:\/\/blogs.correiobraziliense.com.br\/vicente\/btg-pactual-mantem-previsao-para-o-pib-mas-piora-a-de-inflacao\/","title":{"rendered":"BTG Pactual mant\u00e9m previs\u00e3o para o PIB, mas piora a de infla\u00e7\u00e3o"},"content":{"rendered":"<p><span style=\"font-weight: 400\">ROSANA HESSEL<\/span><\/p>\n<p>&nbsp;<\/p>\n<p><span style=\"font-weight: 400\">O BTG Pactual decidiu manter a previs\u00e3o de queda de 5% do PIB em 2020, &#8220;apesar de os dados terem surpreendido positivamente no terceiro trimestre<\/span><span style=\"font-weight: 400\">, compensando a surpresa negativa com o PIB do segundo trimestre&#8221;. No entanto, devido \u00e0 press\u00e3o nos pre\u00e7os dos alimentos, a institui\u00e7\u00e3o\u00a0<\/span><span style=\"font-weight: 400\">elevou de 1,9% para 2,5% a estimativa de infla\u00e7\u00e3o deste ano, no piso da meta de 4% anuais determinada pelo Conselho Monet\u00e1rio Nacional (CMN).A previs\u00e3o tamb\u00e9m est\u00e1 acima da expectativa do do Banco Central para o \u00cdndice de Pre\u00e7os ao Consumidor Amplo (IPCA) de 2020, de 2,1%.\u00a0<\/span><\/p>\n<p>&nbsp;<\/p>\n<p><span style=\"font-weight: 400\">Em relat\u00f3rio divulgado nesta quinta-feira (1\u00ba\/10) para investidores estrangeiros ao qual o <strong>Blog<\/strong> teve acesso, o banco destacou que os riscos negativos para o crescimento em 2021 continuam, principalmente, o de revers\u00e3o do consumo das fam\u00edlias. \u201cAs perspectivas para a infla\u00e7\u00e3o de curto prazo deterioraram-se significativamente. A maior parte da press\u00e3o est\u00e1 restrita ao segmento de alimenta\u00e7\u00e3o em casa, enquanto os componentes mais c\u00edclicos da infla\u00e7\u00e3o continuam a tend\u00eancia de baixa e com poucos sinais de acelera\u00e7\u00e3o na margem\u201d, informou a institui\u00e7\u00e3o.\u00a0 \u201cCom o est\u00edmulo fiscal previsto para diminuir em 2021 e o desemprego ainda em alta, vemos pouco espa\u00e7o para uma acelera\u00e7\u00e3o sustentada da infla\u00e7\u00e3o de servi\u00e7os\u201d, acrescentou o documento.\u00a0<\/span><\/p>\n<p>&nbsp;<\/p>\n<p>&nbsp;<\/p>\n<p><span style=\"font-weight: 400\">O BTG tamb\u00e9m est\u00e1 mais pessimista do que o Banco Central em rela\u00e7\u00e3o \u00e0 entrada de Investimento Direto no Pa\u00eds (IDP), pois prev\u00ea US$ 45 bilh\u00f5es, dado inferior aos US$ 50 bilh\u00f5es estimados pela autoridade monet\u00e1ria, ap\u00f3s segunda revis\u00e3o para baixo no Relat\u00f3rio Trimestral de Infla\u00e7\u00e3o (RTI) redu\u00e7\u00e3o acentuada no reinvestimento de lucros explica a maior parte da diminui\u00e7\u00e3o do IDP esperada.\u00a0<\/span><\/p>\n<p>&nbsp;<\/p>\n<p><strong>Preocupa\u00e7\u00e3o com o fiscal<\/strong><\/p>\n<p>&nbsp;<\/p>\n<p><span style=\"font-weight: 400\">O banco destacou que a piora nas proje\u00e7\u00f5es ocorreu devido ao &#8220;maior risco de deteriora\u00e7\u00e3o das contas p\u00fablicas do Brasil&#8221;. A estimativa para o deficit prim\u00e1rio do setor p\u00fablico consolidado \u00e9 de R$ 898 bilh\u00f5es, e, para 2021, de R$ 220 bilh\u00f5es. Segundo a institui\u00e7\u00e3o, a ancoragem fiscal\u00a0<\/span><span style=\"font-weight: 400\">permanece um grande desafio, principalmente, &#8220;devido aos diversos riscos sobre as despesas&#8221;. &#8221; &#8220;Apesar de desafiador, particularmente do ponto de vista pol\u00edtico, o cumprimento do teto de gastos \u00e9 vi\u00e1vel&#8221;, acrescentou.<\/span><\/p>\n<p>&nbsp;<\/p>\n<p><span style=\"font-weight: 400\">De acordo com o relat\u00f3rio do BTG, a proje\u00e7\u00e3o de taxa de c\u00e2mbio, no final de 2020, ficou em R$ 5,35, e, para o final de 2021, em para R$ 5,10. E<\/span><span style=\"font-weight: 400\">m rela\u00e7\u00e3o \u00e0 pol\u00edtica monet\u00e1ria, informou que prev\u00ea que a taxa b\u00e1sica de juros (Selic) dever\u00e1 se manter est\u00e1vel em 2% ao ano &#8220;por um per\u00edodo prolongado&#8221;, devido \u00e0 sinaliza\u00e7\u00e3o do Banco Central ao considerar o choque recente nos pre\u00e7os dos alimentos como tempor\u00e1rio.<\/span><\/p>\n","protected":false},"excerpt":{"rendered":"<p>ROSANA HESSEL &nbsp; O BTG Pactual decidiu manter a previs\u00e3o de queda de 5% do PIB em 2020, &#8220;apesar de os dados terem surpreendido positivamente no terceiro trimestre, compensando a surpresa negativa com o PIB do segundo trimestre&#8221;. No entanto, devido \u00e0 press\u00e3o nos pre\u00e7os dos alimentos, a institui\u00e7\u00e3o\u00a0elevou de 1,9% para 2,5% a estimativa [&hellip;]<\/p>\n","protected":false},"author":22,"featured_media":15703,"comment_status":"open","ping_status":"closed","sticky":false,"template":"","format":"standard","meta":{"footnotes":""},"categories":[600],"tags":[53,589,14,58,2853],"class_list":["post-16128","post","type-post","status-publish","format-standard","has-post-thumbnail","hentry","category-economia","tag-btg-pactual","tag-economia","tag-inflacao","tag-pib","tag-riscos"],"_links":{"self":[{"href":"https:\/\/blogs.correiobraziliense.com.br\/vicente\/wp-json\/wp\/v2\/posts\/16128","targetHints":{"allow":["GET"]}}],"collection":[{"href":"https:\/\/blogs.correiobraziliense.com.br\/vicente\/wp-json\/wp\/v2\/posts"}],"about":[{"href":"https:\/\/blogs.correiobraziliense.com.br\/vicente\/wp-json\/wp\/v2\/types\/post"}],"author":[{"embeddable":true,"href":"https:\/\/blogs.correiobraziliense.com.br\/vicente\/wp-json\/wp\/v2\/users\/22"}],"replies":[{"embeddable":true,"href":"https:\/\/blogs.correiobraziliense.com.br\/vicente\/wp-json\/wp\/v2\/comments?post=16128"}],"version-history":[{"count":2,"href":"https:\/\/blogs.correiobraziliense.com.br\/vicente\/wp-json\/wp\/v2\/posts\/16128\/revisions"}],"predecessor-version":[{"id":16130,"href":"https:\/\/blogs.correiobraziliense.com.br\/vicente\/wp-json\/wp\/v2\/posts\/16128\/revisions\/16130"}],"wp:featuredmedia":[{"embeddable":true,"href":"https:\/\/blogs.correiobraziliense.com.br\/vicente\/wp-json\/wp\/v2\/media\/15703"}],"wp:attachment":[{"href":"https:\/\/blogs.correiobraziliense.com.br\/vicente\/wp-json\/wp\/v2\/media?parent=16128"}],"wp:term":[{"taxonomy":"category","embeddable":true,"href":"https:\/\/blogs.correiobraziliense.com.br\/vicente\/wp-json\/wp\/v2\/categories?post=16128"},{"taxonomy":"post_tag","embeddable":true,"href":"https:\/\/blogs.correiobraziliense.com.br\/vicente\/wp-json\/wp\/v2\/tags?post=16128"}],"curies":[{"name":"wp","href":"https:\/\/api.w.org\/{rel}","templated":true}]}}