{"id":16106,"date":"2020-10-01T10:51:16","date_gmt":"2020-10-01T13:51:16","guid":{"rendered":"https:\/\/blogs.correiobraziliense.com.br\/vicente\/?p=16106"},"modified":"2020-10-01T12:16:13","modified_gmt":"2020-10-01T15:16:13","slug":"arrecadacao-federal-cresce-13-em-agosto-e-registra-maior-volume-desde-2014","status":"publish","type":"post","link":"https:\/\/blogs.correiobraziliense.com.br\/vicente\/arrecadacao-federal-cresce-13-em-agosto-e-registra-maior-volume-desde-2014\/","title":{"rendered":"Arrecada\u00e7\u00e3o cresce 1,3% em agosto e registra maior volume desde 2014"},"content":{"rendered":"<p>ROSANA HESSEL<\/p>\n<p>&nbsp;<\/p>\n<p><span style=\"font-weight: 400\">A arrecada\u00e7\u00e3o do governo federal registrou alta real (descontada a infla\u00e7\u00e3o) de 1,3%\u00a0 no m\u00eas de agosto, na compara\u00e7\u00e3o com o mesmo per\u00edodo de 2019, somando R$ 124,5 bilh\u00f5es, conforme dados divulgados pela Receita Federal nesta quinta-feira (01\/10).\u00a0 \u00c9 o maior montante para o m\u00eas desde 2014, quando o Fisco arrecadou R$ 127,4 bilh\u00f5es, marcando a retomada do pagamento de impostos que estavam previstos para abril.<\/span><\/p>\n<p>&nbsp;<\/p>\n<p>Em rela\u00e7\u00e3o \u00e0 julho, o volume arrecadado em agosto cresceu 7,1%, em termos reais, conforme os dados do Fisco.\u00a0 \u00a0&#8220;\u00c9\u00a0 a primeira resultado positiva mensal, indicando recupera\u00e7\u00e3o da economia no per\u00edodo da pandemia&#8221;, destacou o chefe Centro de Estudos Tribut\u00e1rios e Aduaneiros da Receita Federal, Claudemir Malaquias. Ele reconheceu entretanto, que &#8220;a atividade econ\u00f4mica ainda n\u00e3o voltou ainda na sua plenitude&#8221;.<\/p>\n<p>&nbsp;<\/p>\n<p>Contudo, no acumulado do ano at\u00e9 agosto, foram recolhidos R$ 906,5 bilh\u00f5es em tributos, volume 13,2% abaixo do registrado no mesmo per\u00edodo de 2019, mostrando que a recupera\u00e7\u00e3o da economia \u00e9 pontual e, no ano, ainda h\u00e1 muito o que melhorar.\u00a0 As receitas administradas pelo Fisco registraram queda de 13% no acumulado do ano em rela\u00e7\u00e3o ao mesmo intervalo do ano passado, para R$ 872,9 bilh\u00f5es.<\/p>\n<p>&nbsp;<\/p>\n<p>O atraso na divulga\u00e7\u00e3o dos dados chamou a aten\u00e7\u00e3o por ser incomum. Normalmente, a Receita costuma divulgar os n\u00fameros a partir do dia 15 de cada m\u00eas e, no m\u00e1ximo, at\u00e9 o dia 20. Malaquias explicou que a demora ocorreu devido a sobrecarga de t\u00e9cnicos no fim de setembro e, por conta disso, houve o adiamento.<\/p>\n<p>&nbsp;<\/p>\n<p>De acordo com a Receita, o desempenho da arrecada\u00e7\u00e3o de agosto refletiu as vari\u00e1veis macroecon\u00f4micas, da redu\u00e7\u00e3o redu\u00e7\u00e3o a zero do Imposto sobre Opera\u00e7\u00f5es Financeiras (IOF) e do recolhimento de parcelas diferidas de PIS-Cofins, contribui\u00e7\u00f5es patronais e de parcelamentos especiais.<\/p>\n<p>&nbsp;<\/p>\n<p>De acordo com Malaquias, se os fatores n\u00e3o recorrentes fossem exclu\u00eddos da arrecada\u00e7\u00e3o administrada pela Receita, como o recolhimento da primeira parcela de tributos diferidos e queda na receita devido \u00e0 resultados at\u00edpicos de empresas, o volume de agosto dos impostos administrados somaria R$ 125,1 bilh\u00f5es, dado 0,64% superior, em termos reais, ao registrado no oitavo m\u00eas de 2019, quando a receita foi de R$ 124,3 bilh\u00f5es.<\/p>\n<p>&nbsp;<\/p>\n<p>Os dados da arrecada\u00e7\u00e3o acumulada de tributos administrados pela Receita mostram quedas expressivas nos setores de combust\u00edveis, de autom\u00f3veis e de alimenta\u00e7\u00e3o, que apresentaram tombos de 61%, 32% e 40,1%, respectivamente.<\/p>\n<p>&nbsp;<\/p>\n<p>Veja abaixo os principais dados da arrecada\u00e7\u00e3o:<\/p>\n<p><a href=\"https:\/\/blogs.correiobraziliense.com.br\/vicente\/wp-content\/uploads\/sites\/16\/2020\/10\/WhatsApp-Image-2020-10-01-at-10.58.04.jpeg\"><img loading=\"lazy\" decoding=\"async\" class=\"alignnone size-large wp-image-16114\" src=\"https:\/\/blogs.correiobraziliense.com.br\/vicente\/wp-content\/uploads\/sites\/16\/2020\/10\/WhatsApp-Image-2020-10-01-at-10.58.04-1024x473.jpeg\" alt=\"\" width=\"1024\" height=\"473\" srcset=\"https:\/\/blogs.correiobraziliense.com.br\/vicente\/wp-content\/uploads\/sites\/16\/2020\/10\/WhatsApp-Image-2020-10-01-at-10.58.04-1024x473.jpeg 1024w, https:\/\/blogs.correiobraziliense.com.br\/vicente\/wp-content\/uploads\/sites\/16\/2020\/10\/WhatsApp-Image-2020-10-01-at-10.58.04-300x139.jpeg 300w, https:\/\/blogs.correiobraziliense.com.br\/vicente\/wp-content\/uploads\/sites\/16\/2020\/10\/WhatsApp-Image-2020-10-01-at-10.58.04-768x355.jpeg 768w, https:\/\/blogs.correiobraziliense.com.br\/vicente\/wp-content\/uploads\/sites\/16\/2020\/10\/WhatsApp-Image-2020-10-01-at-10.58.04-550x254.jpeg 550w, https:\/\/blogs.correiobraziliense.com.br\/vicente\/wp-content\/uploads\/sites\/16\/2020\/10\/WhatsApp-Image-2020-10-01-at-10.58.04-230x106.jpeg 230w, https:\/\/blogs.correiobraziliense.com.br\/vicente\/wp-content\/uploads\/sites\/16\/2020\/10\/WhatsApp-Image-2020-10-01-at-10.58.04.jpeg 1280w\" sizes=\"auto, (max-width: 1024px) 100vw, 1024px\" \/><\/a><\/p>\n","protected":false},"excerpt":{"rendered":"<p>ROSANA HESSEL &nbsp; A arrecada\u00e7\u00e3o do governo federal registrou alta real (descontada a infla\u00e7\u00e3o) de 1,3%\u00a0 no m\u00eas de agosto, na compara\u00e7\u00e3o com o mesmo per\u00edodo de 2019, somando R$ 124,5 bilh\u00f5es, conforme dados divulgados pela Receita Federal nesta quinta-feira (01\/10).\u00a0 \u00c9 o maior montante para o m\u00eas desde 2014, quando o Fisco arrecadou R$ [&hellip;]<\/p>\n","protected":false},"author":22,"featured_media":0,"comment_status":"open","ping_status":"closed","sticky":false,"template":"","format":"standard","meta":{"footnotes":""},"categories":[600],"tags":[297,1143],"class_list":["post-16106","post","type-post","status-publish","format-standard","hentry","category-economia","tag-arrecadacao","tag-equiparacao-com-auditores-da-receita-federal"],"_links":{"self":[{"href":"https:\/\/blogs.correiobraziliense.com.br\/vicente\/wp-json\/wp\/v2\/posts\/16106","targetHints":{"allow":["GET"]}}],"collection":[{"href":"https:\/\/blogs.correiobraziliense.com.br\/vicente\/wp-json\/wp\/v2\/posts"}],"about":[{"href":"https:\/\/blogs.correiobraziliense.com.br\/vicente\/wp-json\/wp\/v2\/types\/post"}],"author":[{"embeddable":true,"href":"https:\/\/blogs.correiobraziliense.com.br\/vicente\/wp-json\/wp\/v2\/users\/22"}],"replies":[{"embeddable":true,"href":"https:\/\/blogs.correiobraziliense.com.br\/vicente\/wp-json\/wp\/v2\/comments?post=16106"}],"version-history":[{"count":17,"href":"https:\/\/blogs.correiobraziliense.com.br\/vicente\/wp-json\/wp\/v2\/posts\/16106\/revisions"}],"predecessor-version":[{"id":16126,"href":"https:\/\/blogs.correiobraziliense.com.br\/vicente\/wp-json\/wp\/v2\/posts\/16106\/revisions\/16126"}],"wp:attachment":[{"href":"https:\/\/blogs.correiobraziliense.com.br\/vicente\/wp-json\/wp\/v2\/media?parent=16106"}],"wp:term":[{"taxonomy":"category","embeddable":true,"href":"https:\/\/blogs.correiobraziliense.com.br\/vicente\/wp-json\/wp\/v2\/categories?post=16106"},{"taxonomy":"post_tag","embeddable":true,"href":"https:\/\/blogs.correiobraziliense.com.br\/vicente\/wp-json\/wp\/v2\/tags?post=16106"}],"curies":[{"name":"wp","href":"https:\/\/api.w.org\/{rel}","templated":true}]}}