{"id":16098,"date":"2020-09-30T11:04:37","date_gmt":"2020-09-30T14:04:37","guid":{"rendered":"https:\/\/blogs.correiobraziliense.com.br\/vicente\/?p=16098"},"modified":"2020-09-30T11:04:37","modified_gmt":"2020-09-30T14:04:37","slug":"com-descontrole-fiscal-cambio-pode-chegar-a-r-10-em-2030-preve-mb","status":"publish","type":"post","link":"https:\/\/blogs.correiobraziliense.com.br\/vicente\/com-descontrole-fiscal-cambio-pode-chegar-a-r-10-em-2030-preve-mb\/","title":{"rendered":"Com descontrole fiscal, c\u00e2mbio pode chegar a R$ 10 em 2030, prev\u00ea MB"},"content":{"rendered":"<p>ROSANA HESSEL<\/p>\n<p>&nbsp;<\/p>\n<p>O economista-chefe da MB Associados, Sergio Vale, fez um exerc\u00edcio de tr\u00eas cen\u00e1rios para o c\u00e2mbio, considerando a reelei\u00e7\u00e3o do presidente Jair Bolsonaro, em 2022:\u00a0 realista, pessimista e otimista. Como resultado, chegou \u00e0 conclus\u00e3o de que o d\u00f3lar poder\u00e1 chegar a R$ 10, no fim de 2030, no cen\u00e1rio mais pessimista e o segundo mais prov\u00e1vel, considerando forte descontrole fiscal. No realista, que tem mais chances de ser concretizado, mas com fraco crescimento da economia, a divisa norte-americana chegaria perto de R$ 7 no final da d\u00e9cada.<\/p>\n<p>&nbsp;<\/p>\n<p>Conforme as estimativas de Vale, o cen\u00e1rio realista possui 60% de chances de concretiza\u00e7\u00e3o e prev\u00ea o d\u00f3lar patamar elevado por um per\u00edodo prolongado, chegando a R$ 6,70, no fim de 2030. Nessa conjuntura, a economia continuar\u00e1 crescendo pouco, abaixo de 2% ao ano, e o presidente promoveria um desmonte gradual do arcabou\u00e7o que foi criado nos \u00faltimos, especialmente a regra do teto &#8212; emenda constitucional que limita o crescimento das despesas \u00e0 infla\u00e7\u00e3o do ano anterior.<\/p>\n<p>&nbsp;<\/p>\n<p>&#8220;A expectativa \u00e9 de que a economia brasileira seguir\u00e1 fragilizada ao longo dos pr\u00f3ximos anos em virtude dos desajustes fiscais iniciados nos \u00faltimos anos e que n\u00e3o h\u00e1 sinais de que v\u00e1 mudar&#8221;, explicou Vale. Contudo, sup\u00f5e-se que algumas medidas positivas, como a reforma da Previd\u00eancia e a Lei do Saneamento continuem avan\u00e7ando. &#8220;Seria um cen\u00e1rio de crescimento med\u00edocre, mas sem uma crise profunda&#8221;, frisou.<\/p>\n<p>&nbsp;<\/p>\n<p>No cen\u00e1rio pessimista, com 30% de probabilidade de ocorrer,\u00a0o d\u00f3lar poder\u00e1 chegar a R$ 10 no fim da d\u00e9cada. &#8220;A\u00a0deteriora\u00e7\u00e3o fiscal continua, com piora mais evidente a partir do segundo mandato de Bolsonaro, lembrando, de certa forma, o caminho percorrido pela ex-presidente Dilma Rousseff&#8221;, destacou Vale.<\/p>\n<p>&nbsp;<\/p>\n<p>Segundo ele, nesse cen\u00e1rio, nos pr\u00f3ximos dois anos, o atual governo levaria a um &#8220;esgar\u00e7amento da situa\u00e7\u00e3o fiscal&#8221;, mas com a popularidade do presidente crescente devido ao novo programa de aux\u00edlio social que ele vem prometendo, o Renda Brasil, ou Renda Cidad\u00e3, como vem sendo chamado atualmente. A conjuntura seria preocupante, com press\u00f5es inflacion\u00e1rias e forte descontrole fiscal. &#8220;Esse cen\u00e1rio parece com o\u00a0caminho tra\u00e7ado pela Argentina desde a d\u00e9cada passada, com c\u00e2mbio chegando em R$ 10 no final da d\u00e9cada&#8221;, refor\u00e7ou.<\/p>\n<p>&nbsp;<\/p>\n<p>O cen\u00e1rio otimista e menos prov\u00e1vel, com apenas 10% de chances de ser concretizado, prev\u00ea o governo Bolsonaro respeitando as regras de responsabilidade fiscal at\u00e9 o fim do mandato.<\/p>\n<p>&nbsp;<\/p>\n<p>As proje\u00e7\u00f5es constam do relat\u00f3rio quinzenal da MB, que prev\u00ea queda de 4,8% no Produto Interno Bruto (PIB) deste ano e crescimento de 2,2%, em 2021. A consultoria estima o d\u00f3lar cotado a R$ 5,40 no fim de dezembro e ainda espera superavit de US$ 61,8 bilh\u00f5es na balan\u00e7a comercial deste ano, passando para US$ 68,1 bilh\u00f5es, no ano que vem.<\/p>\n","protected":false},"excerpt":{"rendered":"<p>ROSANA HESSEL &nbsp; O economista-chefe da MB Associados, Sergio Vale, fez um exerc\u00edcio de tr\u00eas cen\u00e1rios para o c\u00e2mbio, considerando a reelei\u00e7\u00e3o do presidente Jair Bolsonaro, em 2022:\u00a0 realista, pessimista e otimista. Como resultado, chegou \u00e0 conclus\u00e3o de que o d\u00f3lar poder\u00e1 chegar a R$ 10, no fim de 2030, no cen\u00e1rio mais pessimista e [&hellip;]<\/p>\n","protected":false},"author":22,"featured_media":14290,"comment_status":"open","ping_status":"closed","sticky":false,"template":"","format":"standard","meta":{"footnotes":""},"categories":[600],"tags":[849,343,589],"class_list":["post-16098","post","type-post","status-publish","format-standard","has-post-thumbnail","hentry","category-economia","tag-cambio","tag-dolar","tag-economia"],"_links":{"self":[{"href":"https:\/\/blogs.correiobraziliense.com.br\/vicente\/wp-json\/wp\/v2\/posts\/16098","targetHints":{"allow":["GET"]}}],"collection":[{"href":"https:\/\/blogs.correiobraziliense.com.br\/vicente\/wp-json\/wp\/v2\/posts"}],"about":[{"href":"https:\/\/blogs.correiobraziliense.com.br\/vicente\/wp-json\/wp\/v2\/types\/post"}],"author":[{"embeddable":true,"href":"https:\/\/blogs.correiobraziliense.com.br\/vicente\/wp-json\/wp\/v2\/users\/22"}],"replies":[{"embeddable":true,"href":"https:\/\/blogs.correiobraziliense.com.br\/vicente\/wp-json\/wp\/v2\/comments?post=16098"}],"version-history":[{"count":7,"href":"https:\/\/blogs.correiobraziliense.com.br\/vicente\/wp-json\/wp\/v2\/posts\/16098\/revisions"}],"predecessor-version":[{"id":16105,"href":"https:\/\/blogs.correiobraziliense.com.br\/vicente\/wp-json\/wp\/v2\/posts\/16098\/revisions\/16105"}],"wp:featuredmedia":[{"embeddable":true,"href":"https:\/\/blogs.correiobraziliense.com.br\/vicente\/wp-json\/wp\/v2\/media\/14290"}],"wp:attachment":[{"href":"https:\/\/blogs.correiobraziliense.com.br\/vicente\/wp-json\/wp\/v2\/media?parent=16098"}],"wp:term":[{"taxonomy":"category","embeddable":true,"href":"https:\/\/blogs.correiobraziliense.com.br\/vicente\/wp-json\/wp\/v2\/categories?post=16098"},{"taxonomy":"post_tag","embeddable":true,"href":"https:\/\/blogs.correiobraziliense.com.br\/vicente\/wp-json\/wp\/v2\/tags?post=16098"}],"curies":[{"name":"wp","href":"https:\/\/api.w.org\/{rel}","templated":true}]}}