{"id":16058,"date":"2020-09-26T18:01:25","date_gmt":"2020-09-26T21:01:25","guid":{"rendered":"https:\/\/blogs.correiobraziliense.com.br\/vicente\/?p=16058"},"modified":"2020-09-26T23:53:09","modified_gmt":"2020-09-27T02:53:09","slug":"preco-minimo-para-a-privatizacao-da-ceb-distribuicao-foi-fixado-em-r-1424-bilhao","status":"publish","type":"post","link":"https:\/\/blogs.correiobraziliense.com.br\/vicente\/preco-minimo-para-a-privatizacao-da-ceb-distribuicao-foi-fixado-em-r-1424-bilhao\/","title":{"rendered":"Pre\u00e7o m\u00ednimo para a privatiza\u00e7\u00e3o da CEB Distribui\u00e7\u00e3o foi fixado em R$ 1,424 bilh\u00e3o"},"content":{"rendered":"<h2>A Companhia Energ\u00e9tica de Bras\u00edlia (CEB) aprovou, neste s\u00e1bado (26\/09), a convoca\u00e7\u00e3o para Assembleia Geral Extraordin\u00e1ria que bater\u00e1 o martelo para a privatiza\u00e7\u00e3o da CEB Distribuidora. Ser\u00e3o vendidos 100% do capital da empresa ao pre\u00e7o m\u00ednimo de R$ 1,424 bilh\u00e3o.\u00a0O valor se refere \u00e0 m\u00e9dia dos resultados l\u00edquidos das duas avalia\u00e7\u00f5es econ\u00f4mico-financeiras elaboradas por consultorias aut\u00f4nomas e independentes contratadas pelo Banco Nacional de Desenvolvimento Econ\u00f4mico e Social (BNDES).<\/h2>\n<p>&nbsp;<\/p>\n<p>A Assembleia Geral Extraordin\u00e1ria est\u00e1 marcada para 13 de outubro. A perspectiva \u00e9 de que, com o aval dos acionistas, o edital de privatiza\u00e7\u00e3o da CEB Distribuidora seja publicado at\u00e9 o fim de outubro, no m\u00e1ximo, no in\u00edcio de novembro. Mantido esse cronograma, o sistema de distribui\u00e7\u00e3o de energia el\u00e9trica do Distrito Federal passar\u00e1 \u00e0 iniciativa privada ainda neste ano. O leil\u00e3o de venda ocorrer\u00e1 na Bolsa de Valores de S\u00e3o Paulo (B3). A CEB Distribui\u00e7\u00e3o atente a 1,1 milh\u00e3o de consumidores.<\/p>\n<p>&nbsp;<\/p>\n<p>No total, a CEB Distribui\u00e7\u00e3o foi avaliada entre R$ 2,249 bilh\u00f5es e R$ 2,394 bilh\u00f5es pelos dois modelos contratados. Quando s\u00e3o descontadas as d\u00edvidas da empresa, de R$ 865 milh\u00f5es, e o terreno onde est\u00e1 a sede da companhia, no Setor de Ind\u00fastria e Abastecimento (SIA), os valores de avalia\u00e7\u00e3o de venda caem para R$ 1,346 bilh\u00e3o e R$ 1,501 bilh\u00e3o. Feita a media, chega-se aos R$ 1,424 bilh\u00e3o. O terreno do edif\u00edcio-sede da distribuidora ser\u00e1 transferido para a CEB Holding.<\/p>\n<p>&nbsp;<\/p>\n<p><strong>Futuro dono n\u00e3o quer parceria estatal<\/strong><\/p>\n<p>&nbsp;<\/p>\n<p>O futuro dono da CEB Distribuidora ter\u00e1 direito a explorar o servi\u00e7o no Distrito Federal por 25 anos, at\u00e9 2045. Decidiu-se pela venda de 100% do capital da companhia por se acreditar que os interessados no neg\u00f3cio pagar\u00e3o um \u00e1gio maior sobre o pre\u00e7o m\u00ednimo. Desde o in\u00edcio do processo de privatiza\u00e7\u00e3o da CEB Distribui\u00e7\u00e3o, percebeu-se que os potenciais compradores da empresa n\u00e3o querem ter estatais como s\u00f3cias, por comprometer a agilidade e a efici\u00eancia da administra\u00e7\u00e3o.<\/p>\n<p>&nbsp;<\/p>\n<p>Com a totalidade do capital da CEB Distribui\u00e7\u00e3o, o futuro dono ter\u00e1 mais facilidade para contratar e demitir empregados, para negociar contratos com fornecedores e para prestar servi\u00e7os melhores \u00e0 popula\u00e7\u00e3o. Hoje, a distribuidora \u00e9 controlada pela CEB Holding, da qual o Governo do Distrito Federal tem 80% das a\u00e7\u00f5es e o mercado, 20%. A CEB Distribui\u00e7\u00e3o tem quase 900 funcion\u00e1rios, dos quais 100 ser\u00e3o transferidos para uma empresa que ser\u00e1 criada futuramente, a CEB Ilumina\u00e7\u00e3o P\u00fablica, que ser\u00e1 controlada pelo GDF.<\/p>\n<p>&nbsp;<\/p>\n<p><em>Bras\u00edlia, 18h01min<\/em><\/p>\n","protected":false},"excerpt":{"rendered":"<p>A Companhia Energ\u00e9tica de Bras\u00edlia (CEB) aprovou, neste s\u00e1bado (26\/09), a convoca\u00e7\u00e3o para Assembleia Geral Extraordin\u00e1ria que bater\u00e1 o martelo para a privatiza\u00e7\u00e3o da CEB Distribuidora. Ser\u00e3o vendidos 100% do capital da empresa ao pre\u00e7o m\u00ednimo de R$ 1,424 bilh\u00e3o.\u00a0O valor se refere \u00e0 m\u00e9dia dos resultados l\u00edquidos das duas avalia\u00e7\u00f5es econ\u00f4mico-financeiras elaboradas por consultorias [&hellip;]<\/p>\n","protected":false},"author":22,"featured_media":9946,"comment_status":"open","ping_status":"closed","sticky":false,"template":"","format":"standard","meta":{"footnotes":""},"categories":[600],"tags":[755,589,4943,2787,4969],"class_list":["post-16058","post","type-post","status-publish","format-standard","has-post-thumbnail","hentry","category-economia","tag-distrito-federal","tag-economia","tag-financas","tag-politica","tag-privatizacao-da-ceb"],"_links":{"self":[{"href":"https:\/\/blogs.correiobraziliense.com.br\/vicente\/wp-json\/wp\/v2\/posts\/16058","targetHints":{"allow":["GET"]}}],"collection":[{"href":"https:\/\/blogs.correiobraziliense.com.br\/vicente\/wp-json\/wp\/v2\/posts"}],"about":[{"href":"https:\/\/blogs.correiobraziliense.com.br\/vicente\/wp-json\/wp\/v2\/types\/post"}],"author":[{"embeddable":true,"href":"https:\/\/blogs.correiobraziliense.com.br\/vicente\/wp-json\/wp\/v2\/users\/22"}],"replies":[{"embeddable":true,"href":"https:\/\/blogs.correiobraziliense.com.br\/vicente\/wp-json\/wp\/v2\/comments?post=16058"}],"version-history":[{"count":4,"href":"https:\/\/blogs.correiobraziliense.com.br\/vicente\/wp-json\/wp\/v2\/posts\/16058\/revisions"}],"predecessor-version":[{"id":16070,"href":"https:\/\/blogs.correiobraziliense.com.br\/vicente\/wp-json\/wp\/v2\/posts\/16058\/revisions\/16070"}],"wp:featuredmedia":[{"embeddable":true,"href":"https:\/\/blogs.correiobraziliense.com.br\/vicente\/wp-json\/wp\/v2\/media\/9946"}],"wp:attachment":[{"href":"https:\/\/blogs.correiobraziliense.com.br\/vicente\/wp-json\/wp\/v2\/media?parent=16058"}],"wp:term":[{"taxonomy":"category","embeddable":true,"href":"https:\/\/blogs.correiobraziliense.com.br\/vicente\/wp-json\/wp\/v2\/categories?post=16058"},{"taxonomy":"post_tag","embeddable":true,"href":"https:\/\/blogs.correiobraziliense.com.br\/vicente\/wp-json\/wp\/v2\/tags?post=16058"}],"curies":[{"name":"wp","href":"https:\/\/api.w.org\/{rel}","templated":true}]}}